{"id":758,"date":"2010-08-20T14:21:02","date_gmt":"2010-08-20T12:21:02","guid":{"rendered":"http:\/\/www.sanseverinolucano.com\/?p=758"},"modified":"2014-06-20T14:21:27","modified_gmt":"2014-06-20T12:21:27","slug":"acquaria-20-agosto-2010","status":"publish","type":"post","link":"http:\/\/www.sanseverinolucano.com\/?p=758","title":{"rendered":"ACQUARIA 20 agosto 2010"},"content":{"rendered":"<div class=\"sopra\">\n<div class=\"titolo\"><\/div>\n<div class=\"piccolo\"><\/div>\n<\/div>\n<div class=\"giustificato\">\n<div style=\"text-align: center;\">Promosso e organizzato da: COORDINAMENTO PRO LOCO DEL POLLINO \/ PRO LOCO DEL POLLINO S. SEVERINO L. \/ PARROCCHIE DI S. SEVERINO LUCANO<\/p>\n<\/div>\n<p>In un periodo in cui il concetto dei BENI COMUNI viene messo in discussione da scelte liberiste, indirizzate verso la gestione privatistica che ha come finalit\u00e0 principale il profitto, abbiamo avvertito il bisogno di riflettere su questi argomenti, da ci\u00f2 \u00e8 nata l\u2019idea di organizzare questa manifestazione. Durante la raccolta firme per la campagna referendaria \u201cACQUA PUBBLICA\u201d nasce e si concretizza l\u2019idea di organizzare in tempi rapidi un momento di confronto. Si sono fatti carico di organizzare l\u2019iniziativa: COORDINAMENTO PRO LOCO DEL POLLINO \/ PRO LOCO DEL POLLINO DI S. SEVERINO LUCANO \/ PARROCCHIE DI S. SEVERINO LUCANO.<br \/>\nL\u2019iniziativa ha anche una finalit\u00e0 di solidariet\u00e0 con una raccolta fondi a sostegno del progetto \u201cINSIEME AL MOZAMBICO \u2013 UN POZZO IN PI\u00d9\u201d, n collaborazione con l\u2019associazione Basilicata- Mozambico Onlus di Matera.; verr\u00e0 allestita anche una mostra fotografica sul tema che sar\u00e0 visitabile fino al 30 agosto.+al dibattito interverranno esponenti dell\u2019associazionismo locale, che da anni sono impegnati su questo tema, esponenti istituzionali (Pres. Acquedotto Lucano \u2013 Presid. Regione Basilicata). La discussione sar\u00e0 conclusa da padre Alex Zanotelli, a cui seguir\u00e0 un intrattenimento musicale. &#8211; Info: 3496523722 \/ www.lasiritide.it San Severino Lucano, l\u00ec 12\/08\/2010 Il Presidente Coordinamento Pro Loco Lucio MARINO Cogliamo l\u2019occasione per inviare distinti saluti<\/p>\n<p>PROGRAMMA: COORDINAMENTO PRO LOCO DEL POLLINO \/\/ PRO LOCO DEL POLLINO di S. SEVERINO L. \/\/ PARROCCHIE DI SAN SEVERINO LUCANO Organizzano ACQUARIA: ACQUA e ARIA = BENI COMUNi SAN SEVERINO LUCANO \/ 20 AGOSTO 2010 \u2013 PIAZZA MARCONI<br \/>\nore 16,45 &#8211; apertura mostra \u201cINSIEME AL MOZAMBICO: UN POZZO IN PI\u00d9\u201d ore 17,15 &#8211; Celebrazione S.S. Messa presieduta da padre Alex Zanotelli &#8211; (Chiesa Madre)<br \/>\nore 18,00 &#8211; incontro dibattito sul tema \u201cACQUA e ARIA = BENI COMUNI\u201d SALUTI: Provenzano Antonio (Pro Loco del Pollino) Modarelli don Nicola (Parroco di S. Severino Lucano) De Stefano Saverio Carmine (Sindaco di S. Severino Lucano) INTERVENTI: Marino Lucio (Coordinamento delle Pro Loco del Pollino) Tricase Antonio (Associazione \u201cBasilicata-Mozambico\u201d) Laghi Ferdinando (Associazione \u201cIl Riccio\u201d) Rappresentante \u201cCoordinamento Acqua Pubblica\u201d Corraro Vincenzo (Associazione \u201cPartecipAzione per il Bene Comune\u201d) Mitidieri Egidio (Presidente Acquedotto Lucano) De Filippo Vito (Presidente Giunta Regionale di Basilicata) CONCLUSIONI: padre Alex Zanotelli<br \/>\nore 21,30 &#8211; intrattenimento musicale con musiche dalla LUCANIA COLLABORANO ALL\u2019INIZIATIVA: Assoc. Basilicata-Mozambico onlus Matera &#8211; Assoc. PartecipAzione per il Bene Comune Viggianello \u2013 &#8211; Assoc. Il Riccio Castrovillari &#8211; Co.S.A. Valle del Mercure &#8211; ADERISCONO ALL\u2019INIZIATIVA: Comune di San Severino Lucano &#8211; Protezione Civile S. Severino Lucano &#8211; Assoc. Voltalacarta Viggianello &#8211; WWF Potenza e aree interne &#8211; Assoc. Potenza Attiva &#8211; Assoc. Suoni Terranova di Pollino<\/p>\n<p>DAL 20 AL 31 AGOSTO 2010 &#8211; c\/o Centro Visite (P.za Marconi &#8211; S. Severino L.) &#8211; MOSTRA FOTOGRAFICA \u201cINSIEME AL MOZAMBICO: UN POZZO IN PI\u00d9\u201d &#8211; a cura di Assoc. Basilicata-Mozambico O.N.L.U.S. DURANTE IL PERIODO DELLA MOSTRA SAR\u00c0 ORGANIZZATA UNA RACCOLTA FONDI<\/p><\/div>\n<p>&nbsp;<\/p>\n","protected":false},"excerpt":{"rendered":"<p>Promosso e organizzato da: COORDINAMENTO PRO LOCO DEL POLLINO \/ PRO LOCO DEL POLLINO S. SEVERINO L. \/ PARROCCHIE DI S. SEVERINO LUCANO In un periodo in cui il concetto dei BENI COMUNI viene messo in discussione da scelte liberiste,&hellip; <\/p>\n","protected":false},"author":1,"featured_media":0,"comment_status":"open","ping_status":"open","sticky":false,"template":"","format":"standard","meta":{"footnotes":""},"categories":[1],"tags":[],"class_list":["post-758","post","type-post","status-publish","format-standard","hentry","category-gen"],"_links":{"self":[{"href":"http:\/\/www.sanseverinolucano.com\/index.php?rest_route=\/wp\/v2\/posts\/758","targetHints":{"allow":["GET"]}}],"collection":[{"href":"http:\/\/www.sanseverinolucano.com\/index.php?rest_route=\/wp\/v2\/posts"}],"about":[{"href":"http:\/\/www.sanseverinolucano.com\/index.php?rest_route=\/wp\/v2\/types\/post"}],"author":[{"embeddable":true,"href":"http:\/\/www.sanseverinolucano.com\/index.php?rest_route=\/wp\/v2\/users\/1"}],"replies":[{"embeddable":true,"href":"http:\/\/www.sanseverinolucano.com\/index.php?rest_route=%2Fwp%2Fv2%2Fcomments&post=758"}],"version-history":[{"count":1,"href":"http:\/\/www.sanseverinolucano.com\/index.php?rest_route=\/wp\/v2\/posts\/758\/revisions"}],"predecessor-version":[{"id":759,"href":"http:\/\/www.sanseverinolucano.com\/index.php?rest_route=\/wp\/v2\/posts\/758\/revisions\/759"}],"wp:attachment":[{"href":"http:\/\/www.sanseverinolucano.com\/index.php?rest_route=%2Fwp%2Fv2%2Fmedia&parent=758"}],"wp:term":[{"taxonomy":"category","embeddable":true,"href":"http:\/\/www.sanseverinolucano.com\/index.php?rest_route=%2Fwp%2Fv2%2Fcategories&post=758"},{"taxonomy":"post_tag","embeddable":true,"href":"http:\/\/www.sanseverinolucano.com\/index.php?rest_route=%2Fwp%2Fv2%2Ftags&post=758"}],"curies":[{"name":"wp","href":"https:\/\/api.w.org\/{rel}","templated":true}]}}