{"id":772,"date":"2010-09-02T14:25:34","date_gmt":"2010-09-02T12:25:34","guid":{"rendered":"http:\/\/www.sanseverinolucano.com\/?p=772"},"modified":"2014-06-20T14:26:06","modified_gmt":"2014-06-20T12:26:06","slug":"riforme-si-ma-non-a-danno-della-basilicata","status":"publish","type":"post","link":"http:\/\/www.sanseverinolucano.com\/?p=772","title":{"rendered":"Riforme si, ma non a danno della Basilicata"},"content":{"rendered":"<div class=\"sopra\">\n<div class=\"titolo\"><\/div>\n<div class=\"piccolo\"><\/div>\n<\/div>\n<div class=\"giustificato\">Al di l\u00e0 dei pubblici pronunciamenti, che in politica rappresentano sempre merce a basso costo, la crisi profonda che il mondo sta attraversando da circa un anno e mezzo ha messo a nudo la necessit\u00e0 che vengano rivisti profondamente alcuni meccanismi nell&#8217;economia, per cercare di evitare che si ripetano le circostanze che hanno portato sull&#8217;orlo del crack il villaggio globale dell&#8217;economia. A parte le necessarie limitazioni alla finanza eccessiva (pia illusione, infatti tutto sembra tornato a due anni fa, con bonus in via di distribuzione ai manager di Wall Street e della City londinese per oltre 20 miliardi di dollari!) sono necessarie delle riforme che mettano il sistema economico in grado di affrontare un mondo profondamente cambiato. Per tornare all&#8217;Italia, si pensa di mettere mano ancora una volta al sistema fiscale, alleggerendo le aliquote delle fasce pi\u00f9 deboli, e al contempo dare agevolazioni alle imprese che investono. In un momento di finanza pubblica molto sofferente, tuttavia, \u00e8 difficile immaginare che si allarghino i cordoni della borsa: il rischio \u00e8 che misure destinate a creare consenso politico determinino ammanchi di cassa con benefici tutto sommato molto limitati per i cittadini. La questione italiana \u00e8 di natura strutturale: la spesa pubblica per oltre il 75% \u00e8 destinata a stipendi e pensioni, e solo quindi meno di un quarto delle risorse complessive \u00e8 destinato a spese per manutenzioni e nuovi investimenti (in tutti i settori, dalle infrastrutture alla sanit\u00e0, dalla scuola alla ricerca ecc&#8230;). Quindi parlare di seria riforma del sistema pensionistico \u2013 per esempio \u2013 non significa tagliare la pensione a chi gi\u00e0 la percepisce, ma pensare che il sistema \u00e8 notevolmente cambiato da quando fu pensato, la vita media si \u00e8 allungata, il tenore di vita \u00e8 migliorato. Le risorse che si libererebbero potrebbero andare ad investimenti produttivi a beneficio delle giovani generazioni. Le riforme costano, si sa, in termini di risorse e di consenso, da qui si vede se una classe dirigente \u00e8 all&#8217;altezza del suo ruolo. In linea generale si esige un fisco giusto non vessatorio n\u00e9 ricattatorio, \u00e8 strumento decisivo di regolazione dello Stato sociale, insieme a un sistema sostenibile di previdenza. Entrambi devono essere \u201cservizi\u201d certi e non un minaccioso assillo. Solo cos\u00ec il \u201ccontratto sociale\u201d ha il senso di un autentico bene per tutti gli italiani. Riguardo al federalismo fiscale al Sud pare una strada lastricata di tagli. Si rileva qui che la copertura della spesa corrente con i tributi propri (Irap, addizionale regionale Irpef, tasse universitarie etc.) delle regioni ordinarie italiane che \u00e8 pari al 45,6% ma tocca valori minimi come il 31,3% in Campania, il 30,2% in Puglia, il 29,6% in Umbria, il 22,3% in Calabria e il 21,6% in Basilicata. La Basilicata, dove il tasso di copertura \u00e8 pari al 21,6%, per raggiungere il tasso medio nazionale (45,6%) dovrebbe aumentare la copertura di 24 punti. Insomma si ha paura che il federalismo fiscale diventa non un meccanismo per ridistribuire le risorse, nel segno della perequazione e della solidariet\u00e0, ma un meccanismo per trattenere all&#8217;interno di territori e delle aree pi\u00f9 ricche una quota maggiore della ricchezza prodotta, per reinvestirla per il vantaggio di quell&#8217;area e non di tutto il Paese; occorre che il federalismo fiscale sia davvero solidale ed efficiente. Se economia e politica non sono vissute nella solidariet\u00e0, non ci saranno mai vera giustizia e bene comune.<\/div>\n<p>&nbsp;<\/p>\n","protected":false},"excerpt":{"rendered":"<p>Al di l\u00e0 dei pubblici pronunciamenti, che in politica rappresentano sempre merce a basso costo, la crisi profonda che il mondo sta attraversando da circa un anno e mezzo ha messo a nudo la necessit\u00e0 che vengano rivisti profondamente alcuni&hellip; <\/p>\n","protected":false},"author":1,"featured_media":0,"comment_status":"open","ping_status":"open","sticky":false,"template":"","format":"standard","meta":{"footnotes":""},"categories":[1],"tags":[],"class_list":["post-772","post","type-post","status-publish","format-standard","hentry","category-gen"],"_links":{"self":[{"href":"http:\/\/www.sanseverinolucano.com\/index.php?rest_route=\/wp\/v2\/posts\/772","targetHints":{"allow":["GET"]}}],"collection":[{"href":"http:\/\/www.sanseverinolucano.com\/index.php?rest_route=\/wp\/v2\/posts"}],"about":[{"href":"http:\/\/www.sanseverinolucano.com\/index.php?rest_route=\/wp\/v2\/types\/post"}],"author":[{"embeddable":true,"href":"http:\/\/www.sanseverinolucano.com\/index.php?rest_route=\/wp\/v2\/users\/1"}],"replies":[{"embeddable":true,"href":"http:\/\/www.sanseverinolucano.com\/index.php?rest_route=%2Fwp%2Fv2%2Fcomments&post=772"}],"version-history":[{"count":1,"href":"http:\/\/www.sanseverinolucano.com\/index.php?rest_route=\/wp\/v2\/posts\/772\/revisions"}],"predecessor-version":[{"id":773,"href":"http:\/\/www.sanseverinolucano.com\/index.php?rest_route=\/wp\/v2\/posts\/772\/revisions\/773"}],"wp:attachment":[{"href":"http:\/\/www.sanseverinolucano.com\/index.php?rest_route=%2Fwp%2Fv2%2Fmedia&parent=772"}],"wp:term":[{"taxonomy":"category","embeddable":true,"href":"http:\/\/www.sanseverinolucano.com\/index.php?rest_route=%2Fwp%2Fv2%2Fcategories&post=772"},{"taxonomy":"post_tag","embeddable":true,"href":"http:\/\/www.sanseverinolucano.com\/index.php?rest_route=%2Fwp%2Fv2%2Ftags&post=772"}],"curies":[{"name":"wp","href":"https:\/\/api.w.org\/{rel}","templated":true}]}}