{"id":838,"date":"2011-11-01T14:55:39","date_gmt":"2011-11-01T13:55:39","guid":{"rendered":"http:\/\/www.sanseverinolucano.com\/?p=838"},"modified":"2014-06-20T14:56:07","modified_gmt":"2014-06-20T12:56:07","slug":"convegno-don-camillo-7-novembre-2011-0re-17-30","status":"publish","type":"post","link":"http:\/\/www.sanseverinolucano.com\/?p=838","title":{"rendered":"Convegno &#8220;Don Camillo&#8221; 7 Novembre 2011 &#8211; 0re 17.30"},"content":{"rendered":"<div class=\"sopra\">\n<div class=\"piccolo\"><\/div>\n<\/div>\n<div class=\"giustificato\">Si terr\u00e0 il 7 novembre a San Severino Lucano : 1961 &#8211; 2011 50 Anni di pubblicazioni;gi\u00e0 parroco di San Severino Lucano, iniziava la sua attivit\u00e0 di pubblicazioni, esordiva con un \u201cbollettino bimestrale\u201d parrocchiale, \u201cla voce di San Severino Lucano\u201d da allora ad oggi l\u2019elenco delle opere e la sua ricerca sulla storia del paese \u00e8 diventato sempre pi\u00f9 lungo.<\/p>\n<p>Un appuntamento storico &#8211; socio \u2013 culturale, nella sala convegni del centro visite del Parco, luned\u00ec 7 novembre 2011 alle ore 17,30. Nel primo editoriale don Camillo scriveva ai suoi parrocchiani \u201cdar vita a un bollettino che, come un ponte lanciato tra me e voi, rafforzi i nostri vincoli, moltiplichi i reciproci contatti, rinsaldi i nostri affetti, che interpreti i desideri divini\u2026\u201d . Al bollettino, curato per tanti anni, si sono aggiunti una quindicina di libri e tanti articoli su varie riviste. Il primo libro \u201cSan Severino Lucano\u201d del 1966, \u00e8 stato rivisto e ampliato e ridato alle stampe nel 2006, l\u2019ultima opera \u00e8 invece \u201cpovert\u00e0, famiglia, psiconevrosi, impegno nel sociale\u201d datato 2010.<\/p>\n<p>Il programma dell\u2019 iniziativa di luned\u00ec prevede gli interventi di Saverio De Stefano &#8211; Sindaco di San Severino Lucano, don Nicola Modarelli &#8211; Parroco di San Severino Lucano, Franco Fiore &#8211; vicepresidente Parco Nazionale del Pollino, Vincenzo Ciminelli &#8211; Dirigente scolastico, don Camillo Perrone &#8211;\u00a0 ricercatore storico e scrittore. Conclude S. E. Rev. Mons. Francesco Nol\u00e8,\u00a0 Vescovo di Tursi Lagonegro.<\/p>\n<p><img decoding=\"async\" src=\"http:\/\/www.sanseverinolucano.com\/public\/1961-2011%20evento%20don%20camillo%20ssl.com.jpg\" alt=\"\" width=\"400\" height=\"NaN\" \/><\/div>\n","protected":false},"excerpt":{"rendered":"<p>Si terr\u00e0 il 7 novembre a San Severino Lucano : 1961 &#8211; 2011 50 Anni di pubblicazioni;gi\u00e0 parroco di San Severino Lucano, iniziava la sua attivit\u00e0 di pubblicazioni, esordiva con un \u201cbollettino bimestrale\u201d parrocchiale, \u201cla voce di San Severino Lucano\u201d&hellip; <\/p>\n","protected":false},"author":1,"featured_media":0,"comment_status":"open","ping_status":"open","sticky":false,"template":"","format":"standard","meta":{"footnotes":""},"categories":[1],"tags":[],"class_list":["post-838","post","type-post","status-publish","format-standard","hentry","category-gen"],"_links":{"self":[{"href":"http:\/\/www.sanseverinolucano.com\/index.php?rest_route=\/wp\/v2\/posts\/838","targetHints":{"allow":["GET"]}}],"collection":[{"href":"http:\/\/www.sanseverinolucano.com\/index.php?rest_route=\/wp\/v2\/posts"}],"about":[{"href":"http:\/\/www.sanseverinolucano.com\/index.php?rest_route=\/wp\/v2\/types\/post"}],"author":[{"embeddable":true,"href":"http:\/\/www.sanseverinolucano.com\/index.php?rest_route=\/wp\/v2\/users\/1"}],"replies":[{"embeddable":true,"href":"http:\/\/www.sanseverinolucano.com\/index.php?rest_route=%2Fwp%2Fv2%2Fcomments&post=838"}],"version-history":[{"count":1,"href":"http:\/\/www.sanseverinolucano.com\/index.php?rest_route=\/wp\/v2\/posts\/838\/revisions"}],"predecessor-version":[{"id":839,"href":"http:\/\/www.sanseverinolucano.com\/index.php?rest_route=\/wp\/v2\/posts\/838\/revisions\/839"}],"wp:attachment":[{"href":"http:\/\/www.sanseverinolucano.com\/index.php?rest_route=%2Fwp%2Fv2%2Fmedia&parent=838"}],"wp:term":[{"taxonomy":"category","embeddable":true,"href":"http:\/\/www.sanseverinolucano.com\/index.php?rest_route=%2Fwp%2Fv2%2Fcategories&post=838"},{"taxonomy":"post_tag","embeddable":true,"href":"http:\/\/www.sanseverinolucano.com\/index.php?rest_route=%2Fwp%2Fv2%2Ftags&post=838"}],"curies":[{"name":"wp","href":"https:\/\/api.w.org\/{rel}","templated":true}]}}