{"id":858,"date":"2012-05-28T15:07:11","date_gmt":"2012-05-28T13:07:11","guid":{"rendered":"http:\/\/www.sanseverinolucano.com\/?p=858"},"modified":"2014-06-20T15:07:35","modified_gmt":"2014-06-20T13:07:35","slug":"sismi-di-magnitudo-4-3-e-3-2-nelle-province-di-potenza-e-cosenza","status":"publish","type":"post","link":"http:\/\/www.sanseverinolucano.com\/?p=858","title":{"rendered":"Sismi di magnitudo 4.3 e 3.2 nelle province di Potenza e Cosenza."},"content":{"rendered":"<div class=\"sopra\"><\/div>\n<div class=\"giustificato\">Dopo quelle in Emilia, due scosse di terremoto di magnitudo 4.3 e 3.2 sono state registrate rispettivamente alle 3.06 e alle 3.32 del 28 maggio al confine tra Calabria e Basilicata. Secondo l&#8217;Istituto nazionale di geofisica e vulcanologia (Ingv), il primo sisma ha avuto ipocentro a 3 km di profondit\u00e0 ed epicentro in prossimit\u00e0 dei comuni cosentini di Castrovillari, Morano Calabro, San Basile e Saracena; la seconda ipocentro a 8 km ed epicentro vicino ai comuni potentini di Rotonda e Viggianello e quello cosentino di Morano. PANICO IN STRADA, CAMPANILE DANNEGGIATO. Le nuove scosse di terremoto hanno creato il panico facendo accorrere la popolazione per strada nel corso della notte. In particolare il terremoto \u00e8 stato avvertito nelle citt\u00e0 di Castrovillari, Frascineto e Morano. In quest&#8217;ultimo paese \u00e8 stato danneggiato gravemente il campanile della chiesa della Maddalena che ha perso alcuni pezzi del cornicione. All&#8217;interno dell&#8217;edificio, inoltre, vi \u00e8 una grande crepa sopra una colonna: si \u00e8 in attesa di un sopralluogo per verificare le condizioni complessive della chiesa, cos\u00ec come di alcuni istituti scolastici che sono stati chiusi per sicurezza. Secondo quanto riferito da vigili del fuoco e carabinieri non sono stati registrari comunque feriti.<\/div>\n<div class=\"sotto\"><a href=\"http:\/\/www.sanseverinolucano.com\/dblog\/articolo.asp?articolo=280\"><img decoding=\"async\" src=\"http:\/\/www.sanseverinolucano.com\/dblog\/template\/standard\/gfx\/articolo.gif\" alt=\"Articolo\" border=\"0\" \/>\u00a0(p)Link<\/a>\u00a0 \u00a0<img decoding=\"async\" src=\"http:\/\/www.sanseverinolucano.com\/dblog\/template\/standard\/gfx\/storico.gif\" alt=\"Storico\" \/>\u00a0Storico\u00a0 <a href=\"http:\/\/www.sanseverinolucano.com\/dblog\/stampa.asp?articolo=280\"><img decoding=\"async\" src=\"http:\/\/www.sanseverinolucano.com\/dblog\/template\/standard\/gfx\/stampa.gif\" alt=\"Stampa\" \/>\u00a0Stampa<\/a><\/div>\n<p>&nbsp;<\/p>\n","protected":false},"excerpt":{"rendered":"<p>Dopo quelle in Emilia, due scosse di terremoto di magnitudo 4.3 e 3.2 sono state registrate rispettivamente alle 3.06 e alle 3.32 del 28 maggio al confine tra Calabria e Basilicata. Secondo l&#8217;Istituto nazionale di geofisica e vulcanologia (Ingv), il&hellip; <\/p>\n","protected":false},"author":1,"featured_media":0,"comment_status":"open","ping_status":"open","sticky":false,"template":"","format":"standard","meta":{"footnotes":""},"categories":[1],"tags":[],"class_list":["post-858","post","type-post","status-publish","format-standard","hentry","category-gen"],"_links":{"self":[{"href":"http:\/\/www.sanseverinolucano.com\/index.php?rest_route=\/wp\/v2\/posts\/858","targetHints":{"allow":["GET"]}}],"collection":[{"href":"http:\/\/www.sanseverinolucano.com\/index.php?rest_route=\/wp\/v2\/posts"}],"about":[{"href":"http:\/\/www.sanseverinolucano.com\/index.php?rest_route=\/wp\/v2\/types\/post"}],"author":[{"embeddable":true,"href":"http:\/\/www.sanseverinolucano.com\/index.php?rest_route=\/wp\/v2\/users\/1"}],"replies":[{"embeddable":true,"href":"http:\/\/www.sanseverinolucano.com\/index.php?rest_route=%2Fwp%2Fv2%2Fcomments&post=858"}],"version-history":[{"count":1,"href":"http:\/\/www.sanseverinolucano.com\/index.php?rest_route=\/wp\/v2\/posts\/858\/revisions"}],"predecessor-version":[{"id":859,"href":"http:\/\/www.sanseverinolucano.com\/index.php?rest_route=\/wp\/v2\/posts\/858\/revisions\/859"}],"wp:attachment":[{"href":"http:\/\/www.sanseverinolucano.com\/index.php?rest_route=%2Fwp%2Fv2%2Fmedia&parent=858"}],"wp:term":[{"taxonomy":"category","embeddable":true,"href":"http:\/\/www.sanseverinolucano.com\/index.php?rest_route=%2Fwp%2Fv2%2Fcategories&post=858"},{"taxonomy":"post_tag","embeddable":true,"href":"http:\/\/www.sanseverinolucano.com\/index.php?rest_route=%2Fwp%2Fv2%2Ftags&post=858"}],"curies":[{"name":"wp","href":"https:\/\/api.w.org\/{rel}","templated":true}]}}