{"id":862,"date":"2012-07-20T15:08:29","date_gmt":"2012-07-20T13:08:29","guid":{"rendered":"http:\/\/www.sanseverinolucano.com\/?p=862"},"modified":"2014-06-20T15:08:55","modified_gmt":"2014-06-20T13:08:55","slug":"il-fumo-dellincendio-sul-pollino-visto-da-s-severino-lucano-pz","status":"publish","type":"post","link":"http:\/\/www.sanseverinolucano.com\/?p=862","title":{"rendered":"Il fumo dell&#8217;incendio sul Pollino visto da S Severino Lucano (PZ)"},"content":{"rendered":"<div class=\"giustificato\">Trovo scandaloso quanto st\u00e0 avvenendo nel Parco nazionale del Pollino. Vastissimi incendi dolosi sono in corso da marted\u00ec scorso, hanno distrutto un numero imprecisato ma presumibilmente alto di ettari di bosco e macchia, in queste ore bruciano i monumentali pini loricati che in tutt\u2019Italia crescono solo l\u00ec (nella foto, diffusa dal Parco), il direttore del Parco stesso dice che il fuoco \u00e8 stato appiccato in pi\u00f9 punti da mani esperte.<\/p>\n<p>La redazione.<\/p>\n<p>Qui di seguito pubblichiamo le foto sull&#8217;incendio che sta&#8217; devastando il Pollino versante Calabro visto da S Severino Lucano (PZ).<\/p>\n<p><img decoding=\"async\" src=\"http:\/\/www.sanseverinolucano.com\/public\/foto%201%20parco%20incendio.jpg\" alt=\"\" width=\"400\" height=\"NaN\" align=\"middle\" \/><\/p>\n<p><img decoding=\"async\" src=\"http:\/\/www.sanseverinolucano.com\/public\/foto%202%20parco%20incendio.jpg\" alt=\"\" width=\"400\" height=\"NaN\" align=\"middle\" \/><\/p>\n<p><img decoding=\"async\" src=\"http:\/\/www.sanseverinolucano.com\/public\/foto%204%20parco%20incendio.jpg\" alt=\"\" width=\"400\" height=\"NaN\" \/><\/div>\n<div class=\"sotto\"><a href=\"http:\/\/www.sanseverinolucano.com\/dblog\/articolo.asp?articolo=283\"><img decoding=\"async\" src=\"http:\/\/www.sanseverinolucano.com\/dblog\/template\/standard\/gfx\/articolo.gif\" alt=\"Articolo\" border=\"0\" \/>\u00a0(p)Link<\/a>\u00a0 \u00a0<img decoding=\"async\" src=\"http:\/\/www.sanseverinolucano.com\/dblog\/template\/standard\/gfx\/storico.gif\" alt=\"Storico\" \/>\u00a0Storico\u00a0 <a href=\"http:\/\/www.sanseverinolucano.com\/dblog\/stampa.asp?articolo=283\"><img decoding=\"async\" src=\"http:\/\/www.sanseverinolucano.com\/dblog\/template\/standard\/gfx\/stampa.gif\" alt=\"Stampa\" \/>\u00a0Stampa<\/a><\/div>\n<p>&nbsp;<\/p>\n","protected":false},"excerpt":{"rendered":"<p>Trovo scandaloso quanto st\u00e0 avvenendo nel Parco nazionale del Pollino. Vastissimi incendi dolosi sono in corso da marted\u00ec scorso, hanno distrutto un numero imprecisato ma presumibilmente alto di ettari di bosco e macchia, in queste ore bruciano i monumentali pini&hellip; <\/p>\n","protected":false},"author":1,"featured_media":0,"comment_status":"open","ping_status":"open","sticky":false,"template":"","format":"standard","meta":{"footnotes":""},"categories":[1],"tags":[],"class_list":["post-862","post","type-post","status-publish","format-standard","hentry","category-gen"],"_links":{"self":[{"href":"http:\/\/www.sanseverinolucano.com\/index.php?rest_route=\/wp\/v2\/posts\/862","targetHints":{"allow":["GET"]}}],"collection":[{"href":"http:\/\/www.sanseverinolucano.com\/index.php?rest_route=\/wp\/v2\/posts"}],"about":[{"href":"http:\/\/www.sanseverinolucano.com\/index.php?rest_route=\/wp\/v2\/types\/post"}],"author":[{"embeddable":true,"href":"http:\/\/www.sanseverinolucano.com\/index.php?rest_route=\/wp\/v2\/users\/1"}],"replies":[{"embeddable":true,"href":"http:\/\/www.sanseverinolucano.com\/index.php?rest_route=%2Fwp%2Fv2%2Fcomments&post=862"}],"version-history":[{"count":1,"href":"http:\/\/www.sanseverinolucano.com\/index.php?rest_route=\/wp\/v2\/posts\/862\/revisions"}],"predecessor-version":[{"id":863,"href":"http:\/\/www.sanseverinolucano.com\/index.php?rest_route=\/wp\/v2\/posts\/862\/revisions\/863"}],"wp:attachment":[{"href":"http:\/\/www.sanseverinolucano.com\/index.php?rest_route=%2Fwp%2Fv2%2Fmedia&parent=862"}],"wp:term":[{"taxonomy":"category","embeddable":true,"href":"http:\/\/www.sanseverinolucano.com\/index.php?rest_route=%2Fwp%2Fv2%2Fcategories&post=862"},{"taxonomy":"post_tag","embeddable":true,"href":"http:\/\/www.sanseverinolucano.com\/index.php?rest_route=%2Fwp%2Fv2%2Ftags&post=862"}],"curies":[{"name":"wp","href":"https:\/\/api.w.org\/{rel}","templated":true}]}}