{"id":143,"date":"2014-06-04T13:52:52","date_gmt":"2014-06-04T11:52:52","guid":{"rendered":"http:\/\/www.sanseverinolucano.com\/?p=143"},"modified":"2014-06-15T13:57:03","modified_gmt":"2014-06-15T11:57:03","slug":"il-papa-della-liberta-della-pace-e-della-carita","status":"publish","type":"post","link":"https:\/\/www.sanseverinolucano.com\/?p=143","title":{"rendered":"Il Papa della libert\u00e0, della pace e della carit\u00e0"},"content":{"rendered":"<p><span style=\"color: #000000\">L&#8217;aspetto che pi\u00f9 mi ha colpito nel pontificato di Pio XII \u00e8 stato quello che la sua elezione a vicario di Cristo coincise con una esasperata violazione dei diritti e dell&#8217;essenza della persona umana, in una estensione morale e storica di larghissimo raggio. Il Papa \u00e8 stato l&#8217;unico e pi\u00f9 strenuo difensore della libert\u00e0 e non poteva essere altrimenti, perch\u00e9 la chiesa \u00e8 maestra di libert\u00e0, di rispetto alla persona, soprattutto nei momenti in cui una esasperata esaltazione mitografica scardina l&#8217;ordine naturale dei valori e il disegno divino per gli uomini. Intendiamo riferirci al culto della nazione che degenera nel nazionalismo, al culto della classe che degenera nel classismo, al culto della razza che degenera nel razzismo. Tre culti perversi che hanno un unico fine: il primato su tutti i popoli e su tutte le societ\u00e0, in no-me di una pseudo elezione della natura. <\/span><br \/>\n<span style=\"color: #000000\">Quello di Pio XII fu un pontificato di libert\u00e0, di amore, di donazione, di sacrificio, un pontificato che conferm\u00f2 ancora una volta quanto sia necessario che il mondo perennemente \u00abda barbaro si faccia umano\u00bb e \u00abda umano si faccia cristiano\u00bb. La Chiesa, allora, visse anni difficili contrariamente a quanto ritiene l&#8217;opinione pi\u00f9 diffusa: non si tratt\u00f2 di una chiesa trionfante ed egemone; ma di una chiesa sofferente, e tuttavia capace di un messaggio di speranza e di pace. Pio XII fu il Papa della comunit\u00e0 cristiana unitaria il cui cuore e la cui speranza erano quelle di Pietro. Fu anche il Papa che visse l&#8217;esplosione drammatica delle ideologie politiche egemoni: il Papa che scorse all&#8217;orizzonte una chiesa crocifissa <\/span><br \/>\n<span style=\"color: #000000\">A circa 56anni della morte di Pio XII merita conoscere la sua figura e il suo lungo e difficile pontificato perch\u00e9 di lui, nonostante il suo indiscutibile ed innegabile operato apostolico e diplomatico, sono state ingiustamente scritte parole offensive e degradanti. La figura di Papa Pio XII \u00e8 una delle pi\u00f9 nobili del secolo avendo avuto una preparazione eccezionale nel\u00a0 campo teologico, spirituale, religioso e morale. Le sue qualit\u00e0 intellettive e la sua eloquenza ciceroniana, profonda e chiara, gli dettero la possibilit\u00e0 di esprimere, con scritti ed allocuzioni i suoi pensieri di cattolico, di studioso, di Vicario di Cristo.<\/span><br \/>\n<span style=\"color: #000000\">Mentre i profani della religione o i lontani da Dio si occupavano affannosamente delle cose materiali e scientifiche, Papa Pacelli scendeva alla radice del male nella prospettiva e pericolosit\u00e0 di un evento bellico che da qualche tempo minacciava l&#8217;umanit\u00e0 e la pace universale. Fu questo il vero tormento del \u00abPapa della Pace!\u00bb e fu questo il suo impegno invitando le nazioni a conquistare l&#8217;ordine morale e la pace. Ma le sue parole non furono ascoltate. Chi legge i discorsi, i radio messaggi, le encicliche, le esortazioni di questo Papa, rester\u00e0 certamente meravigliato di tanta sapienza, paternit\u00e0, umanit\u00e0 e religiosit\u00e0 espresse a condanna del male morale e in particolare le ingiustizie sociali, gli abusi dei potenti sui deboli e gli emarginati, la brutalit\u00e0 della guerra. <\/span><br \/>\n<span style=\"color: #000000\">Pio XII fu eletto Papa nel 1939 e proprio 75 anni fa scoppi\u00f2 la seconda guerra mondiale.<\/span><br \/>\n<span style=\"color: #000000\">Essa non \u00e8 paragonabile nemmeno lontanamente alla prima. Fu spaventosa, i metodi usati furono orrendi, le barbarie commesse furono bestiali. Ha un bilancio di 50 milioni di morti. Distruzioni: case, ferrovie, strade, industrie, chiese, scuole, ospedali. Ma pi\u00f9 grave fu l&#8217;offesa dei valori morali ed umani. Basta pensare alle carneficine nei campi di concentramento, alle deportazioni umane, ai bombardamenti a tappeto, ai forni crematori, alle vendette, alle rappresaglie, ecc. Pio XII cerc\u00f2 con ogni mezzo di allontanare il flagello: \u00ab Con la pace \u2014 ebbe a dire \u2014 tutto si pu\u00f2 ancora salvare; con la guerra tutto pu\u00f2 essere perduto \u00bb. Ma i suoi tentativi ed i suoi passi diplomatici andarono a vuoto e tutto il mondo venne sommerso dal conflitto. Allora il Vaticano, come gi\u00e0 ai tempi di Benedetto XV, divenne una centrale di soccorso per le popolazioni colpite, un ufficio internazionale di corrispondenza dei prigionieri, un asilo per tutti i sofferenti. Soprattutto verso l&#8217;Italia si manifest\u00f2 la carit\u00e0 del Papa e se Roma rimase quasi interamente incolume dai bombardamenti, fu per opera sua. Quello che fece il Papa, fu fatto sia pure in proporzioni pi\u00f9 ristrette, da molti Vescovi e da moltissimi sacerdoti. Nessuno buss\u00f2 mai alle loro porte ed al loro cuore senza trovare comprensione, aiuto e rifugio, anche quando le lotte intestine avevano creato divisioni profonde. La Chiesa scrisse veramente pagine di carit\u00e0 verso tutti, senza distinzione di nazione, di razza, di religione e di partiti. Finita la guerra, mentre la vita riprendeva lentamente, mentre si ricostruivano le case, le strade e le industrie, c&#8217;era bisogno soprattutto di rifare le menti, i cuori, le coscienze, di togliere gli odi, i rancori, sopire le vendette, far nascere il rispetto e la stima dell&#8217;uomo e delle istituzioni umane. Pio XII si mise all&#8217;opera anche in questo senso; i suoi innumerevoli discorsi su ogni argomento, i suoi messaggi natalizi, le sue encicliche tendevano a questo. I popoli che andavano a Lui trovarono in Lui il Maestro ed il Padre. \u00c8 stata un&#8217;opera veramente meravigliosa per la ricostruzione morale della societ\u00e0 disfatta. Chiuse la sua stagione e lasci\u00f2 spazio alla nuova con la certezza e la speranza che Pietro non poteva mai essere abbandonato dallo Spirito Santo; <\/span><br \/>\n<span style=\"color: #000000\">Proprio 70 anni fa (4 giugno 1944) risuonarono le campane di Roma per la libert\u00e0 dell&#8217;Italia tutta. I nazisti si ritirarono. Roma fu la prima capitale dell&#8217;Europa sotto il terrore nazista ad essere liberata. Pio XXII \u00e8 chiamato \u201cdefensor urbis\u201d, difensore dell&#8217;Urbe per la quale si prodig\u00f2 con immenso affetto e cura altamente apostolica.<\/span><\/p>\n<p><span style=\"color: #000000\"><strong>Don Camillo Perrone<\/strong>, Parroco emerito di San Severino Lucano<\/span><br \/>\n<span style=\"color: #000000\"><br \/>\n<\/span><\/p>\n","protected":false},"excerpt":{"rendered":"<p>L&#8217;aspetto che pi\u00f9 mi ha colpito nel pontificato di Pio XII \u00e8 stato quello che la sua elezione a vicario di Cristo coincise con una esasperata violazione dei diritti e dell&#8217;essenza della persona umana, in una estensione morale e storica&hellip; <\/p>\n","protected":false},"author":3,"featured_media":0,"comment_status":"closed","ping_status":"open","sticky":false,"template":"","format":"standard","meta":{"footnotes":""},"categories":[4],"tags":[],"class_list":["post-143","post","type-post","status-publish","format-standard","hentry","category-cult"],"_links":{"self":[{"href":"https:\/\/www.sanseverinolucano.com\/index.php?rest_route=\/wp\/v2\/posts\/143","targetHints":{"allow":["GET"]}}],"collection":[{"href":"https:\/\/www.sanseverinolucano.com\/index.php?rest_route=\/wp\/v2\/posts"}],"about":[{"href":"https:\/\/www.sanseverinolucano.com\/index.php?rest_route=\/wp\/v2\/types\/post"}],"author":[{"embeddable":true,"href":"https:\/\/www.sanseverinolucano.com\/index.php?rest_route=\/wp\/v2\/users\/3"}],"replies":[{"embeddable":true,"href":"https:\/\/www.sanseverinolucano.com\/index.php?rest_route=%2Fwp%2Fv2%2Fcomments&post=143"}],"version-history":[{"count":2,"href":"https:\/\/www.sanseverinolucano.com\/index.php?rest_route=\/wp\/v2\/posts\/143\/revisions"}],"predecessor-version":[{"id":148,"href":"https:\/\/www.sanseverinolucano.com\/index.php?rest_route=\/wp\/v2\/posts\/143\/revisions\/148"}],"wp:attachment":[{"href":"https:\/\/www.sanseverinolucano.com\/index.php?rest_route=%2Fwp%2Fv2%2Fmedia&parent=143"}],"wp:term":[{"taxonomy":"category","embeddable":true,"href":"https:\/\/www.sanseverinolucano.com\/index.php?rest_route=%2Fwp%2Fv2%2Fcategories&post=143"},{"taxonomy":"post_tag","embeddable":true,"href":"https:\/\/www.sanseverinolucano.com\/index.php?rest_route=%2Fwp%2Fv2%2Ftags&post=143"}],"curies":[{"name":"wp","href":"https:\/\/api.w.org\/{rel}","templated":true}]}}