{"id":145,"date":"2014-05-15T13:54:41","date_gmt":"2014-05-15T11:54:41","guid":{"rendered":"http:\/\/www.sanseverinolucano.com\/?p=145"},"modified":"2014-06-15T13:56:23","modified_gmt":"2014-06-15T11:56:23","slug":"splendori-di-santita-in-un-paese-lucano","status":"publish","type":"post","link":"https:\/\/www.sanseverinolucano.com\/?p=145","title":{"rendered":"Splendori di santit\u00e0 in un paese lucano"},"content":{"rendered":"<p><span style=\"color: #000000\">La bimillenaria storia della Chiesa Cattolica \u00e8 costellata di splendide figure di persone, che hanno saputo incarnare e testimoniare i perenni valori evangelici: sono i santi, veri benefattori dell&#8217;umanit\u00e0.<\/span><br \/>\n<span style=\"color: #000000\">Quando pronunciamo la parola \u00absantit\u00e0\u00bb e la parola \u00absanto\u00bb, che la personalizza, siamo convinti di esprimere un concetto che nobilita l&#8217;uomo e che \u00e8 particolarmente fecondo anche a livello sociale. Le nostre societ\u00e0, specialmente quelle opulente nelle quali sono venerati i falsi idoli del potere, del piacere e del possesso, hanno bisogno pi\u00f9 che mai della santit\u00e0. La santit\u00e0 \u00e8 il carattere di perfezione spirituale attribuito dalla teologia cattolica all&#8217;essenza stessa di Dio e, in via subordinata, alle persone che riproducono in parte la perfezione divina, informando a quella la propria vita.<\/span><br \/>\n<span style=\"color: #000000\">Il Concilio Vaticano II ha esteso il concetto, e ha puntato su tutti coloro \u00abche riproducono in parte la perfezione divina\u00bb. Quanto \u00e8 importante oggi l&#8217;esempio, anzi lo stimolo di questa perfezione! Basti pensare all&#8217;egoismo, alla violenza, all&#8217;ingiustizia che dominano la nostra storia; e fare un confronto con l&#8217;insegnamento cristiano, che dichiara beati i\u00a0 puri di cuore, i mansueti, coloro che hanno fame e sete di giustizia&#8230;<\/span><br \/>\n<span style=\"color: #000000\">Nasce quindi nel cuore delle nostre societ\u00e0: non soltanto negli uomini di buona volont\u00e0 ma anche in molti di coloro che si dichiarano non credenti, un desiderio profondo di santit\u00e0, che assai pi\u00f9 del rigore delle leggi e degli effimeri progetti politici \u00e8 in grado di alleviare il crescente malessere del nostro vivere .<\/span><br \/>\n<span style=\"color: #000000\">Un esempio straordinario ci ha offerto la Serva di Dio Maria Angelica Mastroti che nacque a Papasidero (Cosenza) il 4 febbraio 1851 da Nicola e Gaetana della nobile famiglia degli Oro\ufb01no.<\/span><br \/>\n<span style=\"color: #000000\">Non ci sono parole per descrivere gli eventi che hanno segnato la vita di Maria Angelica e la tanta intimit\u00e0, che aveva con la Madonna, con Ges\u00f9 e con la Croce, la passione, la sofferenza, compagne inseparabili della sua vita.<\/span><br \/>\n<span style=\"color: #000000\">La sua vita ascetica le procur\u00f2 frequenti estasi, durante le quali colloquiava con la Madonna e il Figlio che la Vergine aveva tra le braccia. Numerosi sono gli episodi edificanti della vita di Maria Angelica a noi trasmessi; \u00e8 bello citare la distribuzione del pane che quasi tutti i giorni veniva amorevolmente donato ai numerosi poveri che frequentavano la sua casa; la sua porta era aperta a tutti e ad ogni ora. Nessuna penna<\/span><br \/>\n<span style=\"color: #000000\">potr\u00e0 mai descrivere con esattezza i momenti di santit\u00e0 che hanno accompagnato la vita terrena di Maria Angelica, persona connotata nel tempo e dal tempo, testimonianza viva del possibile e misterioso colloquio che l&#8217;uomo, ciascun uomo, pu\u00f2 intrattenere con Dio, ed \u00e8 giusto affidare la sua memoria alla Chiesa.<\/span><br \/>\n<span style=\"color: #000000\">Nel 1890 Maria Angelica dovette lasciare il suo paese natale, Papasidero, per seguire il nipote Nicolino, avviato al sacerdozio, e si trasfer\u00ec a Castelluccio Superiore (PZ)\u00a0 che accolse Maria Angelica con calore ed affetto. Ben presto la fama di santit\u00e0 si diffuse nel paese e nei paesi vicini, tanto che molte persone accorrevano da lei per avere consigli e trovare conforto. Molte le visioni e le apparizioni celesti; in una di queste apparizioni la Vergine di Costantinopoli le preannunci\u00f2 il giorno della sua morte il 26 maggio 1896.<\/span><br \/>\n<span style=\"color: #000000\">Il desiderio di Santit\u00e0 \u00e8 radicato nella generosit\u00e0 del cuore, aperto all&#8217;amore per il prossimo; ma anche in una intelligente concezione della vita, che ravvisi nell&#8217;egoismo e nell&#8217;indifferenza le cause di degrado dell&#8217;umana convivenza. L&#8217;unica, vera urgenza oggi riguarda tutti noi: ascoltare il grido, avere compassione, prendersi cura.<\/span><br \/>\n<span style=\"color: #000000\">Papa Francesco, nell&#8217;indicare le vie per il cammino della Chiesa evangelizzante nei prossimi anni, richiede a tutti un unico stile: una dinamica di giustizia e di tenerezza, di contemplazione e di cammino, verso gli altri. Uno stile che sa farsi nuovo ordine economico, impegno sociale coraggioso, cultura evangelica.<\/span><\/p>\n<p><span style=\"color: #000000\"><strong>Don Camillo Perrone<\/strong>, Parroco emerito di San Severino Lucano<\/span><\/p>\n","protected":false},"excerpt":{"rendered":"<p>La bimillenaria storia della Chiesa Cattolica \u00e8 costellata di splendide figure di persone, che hanno saputo incarnare e testimoniare i perenni valori evangelici: sono i santi, veri benefattori dell&#8217;umanit\u00e0. Quando pronunciamo la parola \u00absantit\u00e0\u00bb e la parola \u00absanto\u00bb, che la&hellip; <\/p>\n","protected":false},"author":3,"featured_media":0,"comment_status":"closed","ping_status":"open","sticky":false,"template":"","format":"standard","meta":{"footnotes":""},"categories":[4],"tags":[],"class_list":["post-145","post","type-post","status-publish","format-standard","hentry","category-cult"],"_links":{"self":[{"href":"https:\/\/www.sanseverinolucano.com\/index.php?rest_route=\/wp\/v2\/posts\/145","targetHints":{"allow":["GET"]}}],"collection":[{"href":"https:\/\/www.sanseverinolucano.com\/index.php?rest_route=\/wp\/v2\/posts"}],"about":[{"href":"https:\/\/www.sanseverinolucano.com\/index.php?rest_route=\/wp\/v2\/types\/post"}],"author":[{"embeddable":true,"href":"https:\/\/www.sanseverinolucano.com\/index.php?rest_route=\/wp\/v2\/users\/3"}],"replies":[{"embeddable":true,"href":"https:\/\/www.sanseverinolucano.com\/index.php?rest_route=%2Fwp%2Fv2%2Fcomments&post=145"}],"version-history":[{"count":2,"href":"https:\/\/www.sanseverinolucano.com\/index.php?rest_route=\/wp\/v2\/posts\/145\/revisions"}],"predecessor-version":[{"id":147,"href":"https:\/\/www.sanseverinolucano.com\/index.php?rest_route=\/wp\/v2\/posts\/145\/revisions\/147"}],"wp:attachment":[{"href":"https:\/\/www.sanseverinolucano.com\/index.php?rest_route=%2Fwp%2Fv2%2Fmedia&parent=145"}],"wp:term":[{"taxonomy":"category","embeddable":true,"href":"https:\/\/www.sanseverinolucano.com\/index.php?rest_route=%2Fwp%2Fv2%2Fcategories&post=145"},{"taxonomy":"post_tag","embeddable":true,"href":"https:\/\/www.sanseverinolucano.com\/index.php?rest_route=%2Fwp%2Fv2%2Ftags&post=145"}],"curies":[{"name":"wp","href":"https:\/\/api.w.org\/{rel}","templated":true}]}}