{"id":149,"date":"2014-05-09T13:58:21","date_gmt":"2014-05-09T11:58:21","guid":{"rendered":"http:\/\/www.sanseverinolucano.com\/?p=149"},"modified":"2014-06-15T13:58:42","modified_gmt":"2014-06-15T11:58:42","slug":"quella-violenza-sociale-calcistica-e-politica","status":"publish","type":"post","link":"https:\/\/www.sanseverinolucano.com\/?p=149","title":{"rendered":"Quella violenza sociale, calcistica e politica"},"content":{"rendered":"<p><span style=\"color: #000000\">E&#8217; chiaro che quello successo a Roma, prima della finale di Coppa Italia tra Fiorentina e Napoli, \u00e8 stato un episodio che sporca lo sport. Diciamo allora che urge escogitare strategie adeguate che contrastino la spirale della violenza calcistica, adottando una linea dura, un giro di vite fortissimo, onde evitare che si verifichino detestabili episodi da oggi in poi. Notizie sempre pi\u00f9 gravi e allarmanti ci lasciano ogni volta pi\u00f9 sconvolti. <\/span><br \/>\n<span style=\"color: #000000\">Ma di l\u00e0 da quella che \u00e8 una pura reazione emotiva, il nostro sdegno,i1 nostro sgomento richiedono di tradursi in un impegno personale concreto, in un atto di coscienza che ci permetta di scoprire se per caso non abbiamo anche noi una parte di colpa in quanto succede. Se \u00e8 vero che alla radice di tutto questo ci sono le ingiustizie e le violenze di una societ\u00e0 fortemente aggressiva e competitiva, che conosce solo la legge del successo e del benessere personale, anche noi ne siamo responsabili nella misura in cui, facendo parte di questo tipo di societ\u00e0, non sappiamo operare concretamente per renderla migliore, impegnandoci a dire no alle ingiustizie sociali, alla sfrenata bramosia del potere, alle speculazioni indebite, al prevalere dell&#8217;egoismo. Quanto\u00a0 al problema pi\u00f9 specificamente sociale, \u00e8 dovere di tutti di migliorare se stesso. E&#8217; indispensabile la presa di coscienza che siamo tutti &#8220;attori&#8221; e, nel male come nel bene, il nostro comportamento ha influsso sugli altri. Purtroppo, la nostra vita sociale \u00e8 divenuta troppo superficiale e non riusciamo a percepire la profondit\u00e0 delle dinamiche collettive, per\u00a0 cui le persone sono solo degli &#8220;altri&#8221;, corpi senza anima o oggetti senza volto, scambiabili e consumabili. Necessita spezzare la logica di un sistema culturale univoco e perverso, di cui si subiscono tutte le contraddizioni e le perversioni, proponendo un&#8217;alternativa credibile che riaffermi i valori evangelici della fraternit\u00e0, della carit\u00e0, della comprensione e del dialogo. <\/span><br \/>\n<span style=\"color: #000000\">In campo politico gli italiani si augurano di aspettarsi nell&#8217;immediato futuro: la fine del confuso agitarsi di personalismi mediatici al vertice del sistema che minaccia di trasformarsi in crisi della democrazia&#8230; <\/span><br \/>\n<span style=\"color: #000000\">Ci sono politici quindi da cui dovrebbero giungere ai cittadini &#8220;buoni esempi&#8221; di civilt\u00e0, correttezza, lealt\u00e0, confronto rispettoso, sia pure, acceso, con chi ha un pensiero diverso. Ora, purtroppo, si \u00e8 superato ogni limite. Accendere la miccia, oggi, non \u00e8 ci\u00f2 di cui ha bisogno il Paese, in un momento di grave crisi economica e di tensioni sociali. I problemi seri riguardano il lavoro, la scuola, la famiglia e il futuro dei giovani, che meriterebbero ben altra attenzione, con il concorso di tutte le forze politiche. II malessere che c&#8217;\u00e8 nel Paese, sta diventando pericoloso. Praticamente si rischia di fomentare l&#8217;antipolitica e l&#8217;astensionismo: si pensi quindi alle elezioni del 25 maggio prossimo. Parimenti il gioco aspro dentro e tra i partiti non pu\u00f2 ricevere regola da qualche sparuta pattuglia di uomini virtuosi e disinteressati. <\/span><br \/>\n<span style=\"color: #000000\">Occorre allora una mobilitazione delle intelligenze e delle coscienze di milioni di cittadini. E&#8217; necessario che l&#8217;esercizio del diritto politico per eccellenza, il suffragio elettorale, sia non la captazione del consenso attraverso la propaganda, il vincolo clientelare, o confessionale, o di classe, ma giudizio maturo dei governati finalmente giudici dei governanti, scelta consapevole e informata di candidati, di coalizioni di parti, di programmi. La gente deve riflettere, deve poter capire dove e come la storia umana si muove, e quanto essa dipenda dalla nostra ragione e dalla nostra volont\u00e0. La storia umana va defatalizzata. L&#8217;educazione alla politica\u00a0 e al senso civico-sociale serve a questo: a rimettere il timone della storia nelle mani degli uomini. <\/span><\/p>\n<p><span style=\"color: #000000\"><strong>Don Camillo Perrone<\/strong>, Parroco emerito di San Severino Lucano<\/span><span style=\"color: #000000\"><br \/>\n<\/span><\/p>\n","protected":false},"excerpt":{"rendered":"<p>E&#8217; chiaro che quello successo a Roma, prima della finale di Coppa Italia tra Fiorentina e Napoli, \u00e8 stato un episodio che sporca lo sport. Diciamo allora che urge escogitare strategie adeguate che contrastino la spirale della violenza calcistica, adottando&hellip; <\/p>\n","protected":false},"author":3,"featured_media":0,"comment_status":"closed","ping_status":"open","sticky":false,"template":"","format":"standard","meta":{"footnotes":""},"categories":[4],"tags":[],"class_list":["post-149","post","type-post","status-publish","format-standard","hentry","category-cult"],"_links":{"self":[{"href":"https:\/\/www.sanseverinolucano.com\/index.php?rest_route=\/wp\/v2\/posts\/149","targetHints":{"allow":["GET"]}}],"collection":[{"href":"https:\/\/www.sanseverinolucano.com\/index.php?rest_route=\/wp\/v2\/posts"}],"about":[{"href":"https:\/\/www.sanseverinolucano.com\/index.php?rest_route=\/wp\/v2\/types\/post"}],"author":[{"embeddable":true,"href":"https:\/\/www.sanseverinolucano.com\/index.php?rest_route=\/wp\/v2\/users\/3"}],"replies":[{"embeddable":true,"href":"https:\/\/www.sanseverinolucano.com\/index.php?rest_route=%2Fwp%2Fv2%2Fcomments&post=149"}],"version-history":[{"count":1,"href":"https:\/\/www.sanseverinolucano.com\/index.php?rest_route=\/wp\/v2\/posts\/149\/revisions"}],"predecessor-version":[{"id":150,"href":"https:\/\/www.sanseverinolucano.com\/index.php?rest_route=\/wp\/v2\/posts\/149\/revisions\/150"}],"wp:attachment":[{"href":"https:\/\/www.sanseverinolucano.com\/index.php?rest_route=%2Fwp%2Fv2%2Fmedia&parent=149"}],"wp:term":[{"taxonomy":"category","embeddable":true,"href":"https:\/\/www.sanseverinolucano.com\/index.php?rest_route=%2Fwp%2Fv2%2Fcategories&post=149"},{"taxonomy":"post_tag","embeddable":true,"href":"https:\/\/www.sanseverinolucano.com\/index.php?rest_route=%2Fwp%2Fv2%2Ftags&post=149"}],"curies":[{"name":"wp","href":"https:\/\/api.w.org\/{rel}","templated":true}]}}