{"id":151,"date":"2014-05-05T14:00:02","date_gmt":"2014-05-05T12:00:02","guid":{"rendered":"http:\/\/www.sanseverinolucano.com\/?p=151"},"modified":"2014-06-15T14:00:21","modified_gmt":"2014-06-15T12:00:21","slug":"emergenza-disoccupazione","status":"publish","type":"post","link":"https:\/\/www.sanseverinolucano.com\/?p=151","title":{"rendered":"Emergenza disoccupazione"},"content":{"rendered":"<p>Il lavoro \u00e8 dimensione essenziale ed altamente incidente sulla vita e la crescita dell&#8217;uomo, sullo sviluppo e progresso dei popoli; \u00e8 diritto e dovere fondamentale di ciascun uomo. Il lavoro \u00e8 per l&#8217;uomo, n\u00e9 pu\u00f2 essere ridotto a merce di scambio: \u00e8 l&#8217;uomo nella sua dignit\u00e0 che deve restare al centro di ogni processo economico, tecnico, produttivo; l&#8217;uomo che non pu\u00f2 essere umiliato e strumentalizzato per fini egoistici o di comodo; l&#8217;uomo al cui organico e globale sviluppo dovrebbe tendere lo sforzo generoso e costante degli organi preposti alla guida della cosa pubblica. Particolarmente grave \u2013 in Basilicata &#8211;\u00a0 \u00e8 il fatto che le persone maggiormente colpite dalla piaga rilevante della disoccupazione siano le donne e i giovani, costretti ad iniziare la vita senza speranza e senza prospettive e a perdere anni preziosi della propria giovinezza nella vana ricerca di un lavoro. Non di rado restano esposti alla tentazione di disorientamento morale o peggio di cedere, per un guadagno facile, a forme di criminalit\u00e0 purtroppo in crescita o ad evasioni senza sbocco. Ma occorre anche una forte mobilitazione delle amministrazioni locali, delle forze sociali e culturali, perch\u00e9 la delicata, preziosa, insostituibile opera di prevenzione e di repressione delle forze dell&#8217;ordine e della Magistratura sia testimonianza alta e forte della convinta opera ed operosa presenza dello Stato democratico in Basilicata.<br \/>\nOccorre sostenere ed allargare la base produttiva, innervando il territorio di strutture, infrastrutture, di servizi e favorendo la crescita di realt\u00e0 produttive locali soprattutto di medie e piccole imprese, in sinergia con le grandi risorse suscettibili di sviluppo: agricoltura, turismo, artigianato; quello imprenditoriale, dal quale si attende una presenza pi\u00f9 coraggiosa che affronti il rischio di investire in loco con saggezza e lungimiranza; quello manageriale, del quale si auspica una presenza locale pi\u00f9 estesa e qualificata, per uno sviluppo autopropulsivo; quello dell&#8217;intero settore lavorativo che deve affrettare il passaggio da una passivit\u00e0 rassegnata ad una solidale intraprendenza, superando le dinamiche di dipendenza economica e politica.<br \/>\nMa ecco i dati allarmanti relativi alla disoccupazione. La disoccupazione giovanile, tra i 15 e 24 anni, in Italia tocca il 27,45%, ma quella reale, che comprende gli sfiduciati e inattivi a causa della crisi fa salire il dato al 38,7%. E&#8217; quanto emerge da una rilevazione della Cgia di Mestre che, per quanto riguarda la disoccupazione reale vede in testa alla classifica la Campania al 51,1%, seguita dalla Basilicata al 48,3% e dal Lazio con il 42,5%.<br \/>\nIl problema dell&#8217;occupazione e quindi del lavoro e&#8217; prioritario perch\u00e8 il problema per tante persone, per tante famiglie, non e&#8217; pi\u00f9 quello di arrivare alla fine del mese, ma di arrivare al giorno dopo.<br \/>\nLe istituzioni devono fare la propria parte, l&#8217;intera societ\u00e0 civile deve mettersi sempre pi\u00f9 in rete e coinvolgersi per affrontare e risolvere questi momenti di crisi molto profonda.<br \/>\nBisogna intervenire rapidamente su questo settore che e&#8217; prioritario rispetto a tante altre urgenze che ci sono nel nostro Paese. Ed ecco un appello che facciamo e lanciamo ancora una volta: occorre una riflessione rigorosa e ad ampio raggio in riferimento ad un argomento di grande attualit\u00e0.<br \/>\nQuando si considera che la Basilicata sta attraversando una precaria situazione occupazionale, quando si e&#8217; costretti a registrare un&#8217;alta percentuale di disoccupati fra i giovani e gli adulti, quando si pensa che alcuni di essi si avviano forse all&#8217;et\u00e0 del pensionamento senza aver mai avuto, per lo meno in forma stabile, esperienze significative di lavoro e la gioia che da esse si ricavano, non si pu\u00f2 non ribadire con forza che ogni uomo e ogni donna hanno diritto ad un lavoro che possa loro assicurare il necessario sostentamento per se&#8217; e per la propria famiglia.<br \/>\nTocca, certo, alla Chiesa riaffermare tale diritto (cfr. Laborem exercens,16) e contribuire, secondo le sue specifiche competenze, alla sua realizzazione; \u00e8 compito, pero&#8217;, sopratutto dei responsabili ad ogni livello adoperarsi parche&#8217; tale diritto non rimanga parola vana. E&#8217; auspicabile, quindi, un ragionamento rigoroso e ad ampio raggio, cui non dovrebbero sottrarsi neanche i nostri amministratori regionali per quanto concerne il problema prioritario del lavoro.<\/p>\n<p><strong>Don Camillo Perrone<\/strong>, Parroco emerito di San Severino Lucano<\/p>\n","protected":false},"excerpt":{"rendered":"<p>Il lavoro \u00e8 dimensione essenziale ed altamente incidente sulla vita e la crescita dell&#8217;uomo, sullo sviluppo e progresso dei popoli; \u00e8 diritto e dovere fondamentale di ciascun uomo. Il lavoro \u00e8 per l&#8217;uomo, n\u00e9 pu\u00f2 essere ridotto a merce di&hellip; <\/p>\n","protected":false},"author":3,"featured_media":0,"comment_status":"closed","ping_status":"open","sticky":false,"template":"","format":"standard","meta":{"footnotes":""},"categories":[4],"tags":[],"class_list":["post-151","post","type-post","status-publish","format-standard","hentry","category-cult"],"_links":{"self":[{"href":"https:\/\/www.sanseverinolucano.com\/index.php?rest_route=\/wp\/v2\/posts\/151","targetHints":{"allow":["GET"]}}],"collection":[{"href":"https:\/\/www.sanseverinolucano.com\/index.php?rest_route=\/wp\/v2\/posts"}],"about":[{"href":"https:\/\/www.sanseverinolucano.com\/index.php?rest_route=\/wp\/v2\/types\/post"}],"author":[{"embeddable":true,"href":"https:\/\/www.sanseverinolucano.com\/index.php?rest_route=\/wp\/v2\/users\/3"}],"replies":[{"embeddable":true,"href":"https:\/\/www.sanseverinolucano.com\/index.php?rest_route=%2Fwp%2Fv2%2Fcomments&post=151"}],"version-history":[{"count":1,"href":"https:\/\/www.sanseverinolucano.com\/index.php?rest_route=\/wp\/v2\/posts\/151\/revisions"}],"predecessor-version":[{"id":152,"href":"https:\/\/www.sanseverinolucano.com\/index.php?rest_route=\/wp\/v2\/posts\/151\/revisions\/152"}],"wp:attachment":[{"href":"https:\/\/www.sanseverinolucano.com\/index.php?rest_route=%2Fwp%2Fv2%2Fmedia&parent=151"}],"wp:term":[{"taxonomy":"category","embeddable":true,"href":"https:\/\/www.sanseverinolucano.com\/index.php?rest_route=%2Fwp%2Fv2%2Fcategories&post=151"},{"taxonomy":"post_tag","embeddable":true,"href":"https:\/\/www.sanseverinolucano.com\/index.php?rest_route=%2Fwp%2Fv2%2Ftags&post=151"}],"curies":[{"name":"wp","href":"https:\/\/api.w.org\/{rel}","templated":true}]}}