{"id":153,"date":"2014-04-19T14:01:30","date_gmt":"2014-04-19T12:01:30","guid":{"rendered":"http:\/\/www.sanseverinolucano.com\/?p=153"},"modified":"2014-06-15T14:01:47","modified_gmt":"2014-06-15T12:01:47","slug":"la-visita-di-giovanni-paolo-ii-in-basilicata-subito-santo","status":"publish","type":"post","link":"https:\/\/www.sanseverinolucano.com\/?p=153","title":{"rendered":"La visita di Giovanni Paolo II in Basilicata: &#8220;Subito Santo&#8221;"},"content":{"rendered":"<p>Papa Giovanni Paolo II fu in Basilicata nei giorni 27 &#8211; 28 aprile 1991.<br \/>\nIl Vicario di Cristo incontr\u00f2, il popolo di Basilicata, soprattutto nelle Celebrazioni Eucaristiche a Matera e a Potenza, rivolgendo a noi il &#8220;discorso della montagna&#8221;, indicando le vie vere della felicit\u00e0 attraverso i valori della nostra cultura e le esperienze delle nostre tradizioni. In particolare incontr\u00f2 tutti gli amministratori per ricordare loro il senso di servizio all&#8217;uomo; gli operatori del mondo del lavoro sottolineando il rispetto della dignit\u00e0 dell&#8217;uomo e il diritto che si ha all&#8217;occupazione. Visit\u00f2 l&#8217;Universit\u00e0 e incontr\u00f2 gli operatori della scuola, aperta all&#8217;autosviluppo dell&#8217;uomo. Incontr\u00f2 le persone consacrate: sacerdoti, religiosi, religiose, seminaristi per ridare slancio pastorale e spirituale. Infine si ferm\u00f2 nel campo sportivo di Potenza, con i giovani che sono i veri protagonisti del 2000, per rinnovare il senso ecclesiale, pastorale e civile.<br \/>\nI numerosi viaggi, con la loro grandissima quantit\u00e0 di omelie, discorsi e messaggi, con il loro precipuo \u00abfine di incontrare\u00bb l&#8217;uomo e il mondo di oggi, costituiscono una dimostrazione lampante dell&#8217;aspetto missionario della sua personalit\u00e0.<br \/>\nSe\u00a0 poi qualcuno rimprovera al Papa di intromettersi nella politica interna di altri stati, chiediamoci se \u00e8 politica o non piuttosto giustizia la sua denuncia, vibrata e coraggiosa, dei crimini contro l&#8217;umanit\u00e0; se \u00e8 politica o non piuttosto giustizia la salvaguardia dei diritti fondamentali della persona<br \/>\nGiovanni Paolo II viaggi\u00f2 nei paesi del mondo per recare la parola vivificatrice del Vangelo e risvegliare il valore della dignit\u00e0 umana<br \/>\nA dieci anni dal grande terremoto del 23 novembre 1980 il Papa ritorn\u00f2, nella nostra Regione, non certo per commemorare il terremoto, ma per dare un colpo d&#8217;ala ai nostri problemi di ricostruzione e di sviluppo.<br \/>\nNell&#8217;immediato domani di quel sisma il Papa raggiunse la zona del cratere per portare il suo conforto umano e spirituale: \u00abVoglio parlarvi solo con la mia presenza e con questo servizio di presenza, disse nell&#8217;atrio dell&#8217;Ospedale di Potenza la sera del 25 novembre, quando la terra tremava ancora. Qualche volta, Egli soggiunse, ci rimane soprattutto e solamente questa forma per prestare il nostro servizio, il nostro ministero umano, cristiano, sacerdotale. Ci rimane questo solo: la presenza&gt;&gt;.<br \/>\nSono parole che esprimono la statura morale del Papa, ministro di consolazione nel cuore provato dalla grande tragedia. Una costante del Suo intenso magistero: la certezza motivata, profondamente sentita, espressa con commossa convinzione che la salvezza globale dell&#8217;uomo, della persona e di tutta la famiglia umana, \u00e8 inscindibilmente legata a Ges\u00f9 Cristo, centro focale del cosmo e della storia, evento di liberazione e di novit\u00e0 definitiva, per lievitare con Lui la storia che evolve.<br \/>\nAbbiamo sentito di sperimentare con il poliedrico Papa dei primati (Giovanni Paolo II) la gestazione di una nuova epoca storica; colui che ha interpretato, con singolare capacit\u00e0 di identificazione, le gioie e le speranze, le tristezze e le angosce degli uomini d&#8217;oggi. Esigeva con forza quei politici che portano la credibilit\u00e0 della loro persona e mettono al centro dell&#8217;azione politica la persona umana nella sua intangibile e altissima dignit\u00e0, con esigenze fondamentali e diritti inalienabili che vanno rispettati da tutti, esigeva con forza quei politici che lavorano per il bene comune e non per il proprio interesse.<br \/>\nSui principi della fede e della morale fu saldo, non scese a compromessi. Verso la persona, ogni persona, dimostr\u00f2 piena comprensione e tanto perdono.<br \/>\nCome conseguenza di quanto scritto, egli istitu\u00ec la festa liturgica della Divina Misericordia. Quindi Giovanni Paolo II \u00e8 stato\u00a0 una vera luce che ha illuminato la Chiesa e l&#8217;umanit\u00e0. Uomo di dialogo, con i fratelli delle confessioni cristiane, con gli ebrei, con le varie religioni, con le nazioni, le culture, le singole persone. Luce limpida sulle varie problematiche attuali, come l&#8217;ordinazione femminile, il divorzio, l&#8217;aborto, l&#8217;omosessualit\u00e0. In un&#8217;epoca storica impregnata di relativismo, compromessi, paura dell&#8217;impegno, dei &#8220;per sempre&#8221;, della sofferenza, della morte, egli colp\u00ec per la sua statura morale, per la santit\u00e0 vissuta con naturalezza in ogni situazione, per la fedelt\u00e0 alla missione affidatagli da Ges\u00f9 attraverso la Chiesa.<br \/>\nAi suoi funerali la gente grid\u00f2 e scrisse: &#8220;Subito Santo&#8221;. Fu sepolto nelle grotte vaticane nel luogo che aveva accolto le spoglie di Giovanni XXIII, un buon presagio.<br \/>\n\u00c8 stato dichiarato beato da Benedetto XVI in Piazza San Pietro il 1\u00b0 maggio 2011 e sar\u00e0 dichiarato Santo il 27 aprile 2014, insieme col Papa Buono.<br \/>\nNell&#8217;aprile dell&#8217;attuale Papa Francesco spicca nettamente la data del giorno 27, seconda domenica di Pasqua ma anche domenica della Divina misericordia.<br \/>\n\u00c8 il gran giorno della canonizzazione dei beati Giovanni XXIII e Giovanni Paolo II, due giganti da venerare, da imitare.<\/p>\n<p><strong>Don Camillo Perrone<\/strong>, Parroco emerito di San Severino Lucano<\/p>\n","protected":false},"excerpt":{"rendered":"<p>Papa Giovanni Paolo II fu in Basilicata nei giorni 27 &#8211; 28 aprile 1991. Il Vicario di Cristo incontr\u00f2, il popolo di Basilicata, soprattutto nelle Celebrazioni Eucaristiche a Matera e a Potenza, rivolgendo a noi il &#8220;discorso della montagna&#8221;, indicando&hellip; <\/p>\n","protected":false},"author":3,"featured_media":0,"comment_status":"closed","ping_status":"open","sticky":false,"template":"","format":"standard","meta":{"footnotes":""},"categories":[4],"tags":[],"class_list":["post-153","post","type-post","status-publish","format-standard","hentry","category-cult"],"_links":{"self":[{"href":"https:\/\/www.sanseverinolucano.com\/index.php?rest_route=\/wp\/v2\/posts\/153","targetHints":{"allow":["GET"]}}],"collection":[{"href":"https:\/\/www.sanseverinolucano.com\/index.php?rest_route=\/wp\/v2\/posts"}],"about":[{"href":"https:\/\/www.sanseverinolucano.com\/index.php?rest_route=\/wp\/v2\/types\/post"}],"author":[{"embeddable":true,"href":"https:\/\/www.sanseverinolucano.com\/index.php?rest_route=\/wp\/v2\/users\/3"}],"replies":[{"embeddable":true,"href":"https:\/\/www.sanseverinolucano.com\/index.php?rest_route=%2Fwp%2Fv2%2Fcomments&post=153"}],"version-history":[{"count":1,"href":"https:\/\/www.sanseverinolucano.com\/index.php?rest_route=\/wp\/v2\/posts\/153\/revisions"}],"predecessor-version":[{"id":154,"href":"https:\/\/www.sanseverinolucano.com\/index.php?rest_route=\/wp\/v2\/posts\/153\/revisions\/154"}],"wp:attachment":[{"href":"https:\/\/www.sanseverinolucano.com\/index.php?rest_route=%2Fwp%2Fv2%2Fmedia&parent=153"}],"wp:term":[{"taxonomy":"category","embeddable":true,"href":"https:\/\/www.sanseverinolucano.com\/index.php?rest_route=%2Fwp%2Fv2%2Fcategories&post=153"},{"taxonomy":"post_tag","embeddable":true,"href":"https:\/\/www.sanseverinolucano.com\/index.php?rest_route=%2Fwp%2Fv2%2Ftags&post=153"}],"curies":[{"name":"wp","href":"https:\/\/api.w.org\/{rel}","templated":true}]}}