{"id":157,"date":"2014-04-04T14:04:24","date_gmt":"2014-04-04T12:04:24","guid":{"rendered":"http:\/\/www.sanseverinolucano.com\/?p=157"},"modified":"2014-06-15T14:04:40","modified_gmt":"2014-06-15T12:04:40","slug":"si-avvicinano-le-elezioni-sapremo-scegliere-i-candidati","status":"publish","type":"post","link":"https:\/\/www.sanseverinolucano.com\/?p=157","title":{"rendered":"Si avvicinano le elezioni. Sapremo scegliere i candidati?"},"content":{"rendered":"<p><span style=\"color: #000000\">Si accendono i motori della macchina che porter\u00e0 alle elezioni del nuovo Parlamento europeo: Si voter\u00e0 in un solo giorno, election day dunque, il prossimo 25 maggio. Nello stesso giorno, come ha stabilito il Consiglio dei ministri, gli italiani voteranno anche per i 4.102 Comuni chiamati a rinnovare i vertici, il\u00a0 Presidente e il Consiglio in due Regioni, Abruzzo e Piemonte. <\/span><br \/>\n<span style=\"color: #000000\">Il cambio della guardia a Strasburgo coincider\u00e0 proprio con l&#8217;inizio del semestre di presidenza italiana dell&#8217;Ue. Per l&#8217;Italia, oltre 51 milioni di elettori saranno chiamati a scegliere i 73 membri spettanti al nostro Paese dei 751 deputati che verranno eletti al Parlamento. E mi sia consentito ricordare che, con gli altri paesi europei, l&#8217;Italia agisce a livello internazionale per promuovere ovunque il rispetto della dignit\u00e0 e dei diritti umani e per favorire l&#8217;affermazione della democrazia politica, come forma di stato che consente la partecipazione dei cittadini al governo della cosa pubblica. <\/span><br \/>\n<span style=\"color: #000000\">La radice quindi \u00e8 antropologica. Purtroppo si \u00e8 affermata una cultura che usa e getta l&#8217;uomo per la bramosia di guadagno. Occorre rilanciare come modello alternativo il giusto rapporto tra capitalismo e democrazia che crea ricchezza per tutti. <\/span><br \/>\n<span style=\"color: #000000\">La crisi economica ha trascinato tantissime persone nel baratro della povert\u00e0. Tanti e tanti nostri connazionali sono in condizioni di grave disagio economico. <\/span><br \/>\n<span style=\"color: #000000\">In Basilicata la povert\u00e0 aumenta e va inquadrata nel contesto di una regione in cui \u00e8 ormai assurta a livelli epidemici. <\/span><br \/>\n<span style=\"color: #000000\">In casa lucana poi tengono banco oggi tematiche e problematiche quali: il destino delle Regioni, le riforme istituzionali, la crisi del regionalismo, i compiti e le funzioni dei diversi livelli istituzionali, il tema della sussidiariet\u00e0, della democrazia, della rappresentanza, della tutela e dell&#8217;autodeterminazione dei territori nel panorama nazionale ed europeo. Sconvolge non poco la patata bollente che si chiama MACROREGIONE&#8230;.Le conseguenze dell&#8217;abolizione delle province. Turba moltissimo la disoccupazione record per cui Renzi esclama: &#8220;Sconvolgente, bisogna fare in fretta&#8221;. <\/span><br \/>\n<span style=\"color: #000000\">E sono diverse migliaia i cittadini che il 25 maggio c.a. si recheranno alle urne. <\/span><br \/>\n<span style=\"color: #000000\">In Basilicata in oltre 50 comuni i cittadini si recheranno alle urne per il voto amministrativo. Si voter\u00e0 per eleggere il sindaco ed una squadra in gamba che sappia amministrare, che sappia interpretare le esigenze della gente. Si sono fatti programmi, indicate priorit\u00e0 e qua e l\u00e0 sono iniziati anche i comizi. Decine di simboli si rincorrono ed ognuno sembra dire: \u00ab sono il migliore\u00bb, si spargono voci, si aprono polemiche, si fanno capannelli per aggiornarsi sulle ultime vicende, scorrono fiumi di parole. Si fa la corsa al voto per aggiudicarsene quanti pi\u00f9 \u00e8 possibile. Da parte degli elettori ora si riflette, si spera e quindi ci si recher\u00e0 poi al voto. E dopo? Spesso rimangono solo le promesse e le premesse ed i cassetti si richiudono sui sogni delle comunit\u00e0 che auspicano dappertutto e soprattutto il miglioramento della qualit\u00e0 della vita. <\/span><br \/>\n<span style=\"color: #000000\">La competizione elettorale si tiene in un contesto storico particolare, a livello socio-economico-politico. Tempo segnato dalla recessione, con tagli molto duri e a seguito di scossoni e scenari sconvolgenti, di portata epocale. I nuovi amministratori dovranno escogitare strategie e mezzi nuovi per governare: dovranno fare la quadratura del cerchio davanti a tematiche e problematiche colossali, quali: la disoccupazione, l&#8217;enorme povert\u00e0, lo spopolamento. <\/span><br \/>\n<span style=\"color: #000000\">Nel frattempo i candidati bussano alle porte. Agli elettori diciamo: rappropriatevi della vostra comunit\u00e0. Non sopportatela, ma vivetela. Vedrete: le cose cambieranno. Diversamente, non baster\u00e0 il ristrutturarsi delle istituzioni democratiche. Non saranno sufficienti i buoni propositi dei partiti. Se voi riuscirete a liberarvi dalla\u00a0 rassegnazione, se riporrete maggiore fiducia nella solidariet\u00e0, se la romperete con lo stile pernicioso della delega, se sarete cos\u00ec tenaci da esercitare un controllo costante su coloro che vi amministrano, le cose miglioreranno. <\/span><br \/>\n<span style=\"color: #000000\">Pertanto occorrono amministratori che mettono al centro dell&#8217;azione politica la persona umana nella sua intangibile e altissima dignit\u00e0, con esigenze fondamentali e diritti inalienabili che vanno rispettati da tutti; amministratori che si prodigano per valorizzare le risorse presenti nel territorio affinch\u00e9 sia debellata la piaga della disoccupazione, proponendo, con il coinvolgimento diretto e attivo della comunit\u00e0 locale, interventi significativi e occupazione efficaci, che tutelino la famiglia fondata sul matrimonio, che favoriscano il suo ruolo sociale, con iniziative in difesa della vita e a sostegno dell&#8217;occupazione contro la povert\u00e0. Persone che sappiano ascoltare e dialogare per condividere le sollecitazioni di tutti e pensare insieme le linee concrete di uno sviluppo possibile e duraturo che permetta a tutti di guardare al futuro con fiducia. <\/span><br \/>\n<span style=\"color: #000000\">Troppi giovani senza lavoro e speranza. Una vera tragedia, uno spreco di capitale umano inaccettabile. In questo contesto critico e inquietante si situa per noi lucani l&#8217;appuntamento del voto amministrativo del 25 maggio prossimo. Auspichiamo che siano elette persone che si impegnino su programmi e obiettivi adeguati alle esigenze della nostra societ\u00e0, persone che nel comune impegno di costruire il bene\u00a0 comune, tengano presente che l&#8217;ottica \u00e8 la solidariet\u00e0 e la scelta preferenziale dei pi\u00f9 deboli. Nella stessa regione immersa in un groviglio socio politico, davanti ai nuovi scenari politici e partitici, quali le traiettorie verso cui orientarci, quali gli impegni da assumere? In genere la politica economica del Sud e della Basilicata deve essere mirata al territorio e diretta a realizzare un tessuto capillare di sviluppo. Innervando il territorio di strutture, di infrastrutture e di servizi, si favorir\u00e0 la nascita e la crescita di realt\u00e0 produttive locali, soprattutto di medie e piccole imprese; sostenendo la conoscenza e promozione delle possibilit\u00e0 cooperativistiche, coordinando il volontariato nella nostra regione, rendendolo sempre pi\u00f9 professionalmente competente e motivato sul piano culturale e spirituale; salvaguardia ambientale. Occorrono amministratori capaci, attenti ai problemi delle comunit\u00e0, amministratori che abbiano idee chiare fondate sulla concretezza e non sulla nebulosit\u00e0 di programmi che sembrano dire tutto e non dicono nulla. Uomini nuovi che della politica facciano un servizio e siano a servizio della comunit\u00e0 e che non si servano della politica per giochi di parte. Di uomini che esprimano valori veri e li vivano. Sapendoli scegliere, rifuggendo da emotivit\u00e0 contingenti, da programmi che spesso sono formule astratte o idealeggianti; di uomini che sappiano e vogliano utilizzare per il bene comune le risorse anche se poche e limitate. Sceglierli perci\u00f2 con discernimento. La posta \u00e8 importante. <\/span><br \/>\n<span style=\"color: #000000\"><strong>Don Camillo Perrone<\/strong>, Parroco emerito di San Severino Lucano<\/span><\/p>\n","protected":false},"excerpt":{"rendered":"<p>Si accendono i motori della macchina che porter\u00e0 alle elezioni del nuovo Parlamento europeo: Si voter\u00e0 in un solo giorno, election day dunque, il prossimo 25 maggio. Nello stesso giorno, come ha stabilito il Consiglio dei ministri, gli italiani voteranno&hellip; <\/p>\n","protected":false},"author":3,"featured_media":0,"comment_status":"closed","ping_status":"open","sticky":false,"template":"","format":"standard","meta":{"footnotes":""},"categories":[4,8],"tags":[],"class_list":["post-157","post","type-post","status-publish","format-standard","hentry","category-cult","category-pol"],"_links":{"self":[{"href":"https:\/\/www.sanseverinolucano.com\/index.php?rest_route=\/wp\/v2\/posts\/157","targetHints":{"allow":["GET"]}}],"collection":[{"href":"https:\/\/www.sanseverinolucano.com\/index.php?rest_route=\/wp\/v2\/posts"}],"about":[{"href":"https:\/\/www.sanseverinolucano.com\/index.php?rest_route=\/wp\/v2\/types\/post"}],"author":[{"embeddable":true,"href":"https:\/\/www.sanseverinolucano.com\/index.php?rest_route=\/wp\/v2\/users\/3"}],"replies":[{"embeddable":true,"href":"https:\/\/www.sanseverinolucano.com\/index.php?rest_route=%2Fwp%2Fv2%2Fcomments&post=157"}],"version-history":[{"count":1,"href":"https:\/\/www.sanseverinolucano.com\/index.php?rest_route=\/wp\/v2\/posts\/157\/revisions"}],"predecessor-version":[{"id":158,"href":"https:\/\/www.sanseverinolucano.com\/index.php?rest_route=\/wp\/v2\/posts\/157\/revisions\/158"}],"wp:attachment":[{"href":"https:\/\/www.sanseverinolucano.com\/index.php?rest_route=%2Fwp%2Fv2%2Fmedia&parent=157"}],"wp:term":[{"taxonomy":"category","embeddable":true,"href":"https:\/\/www.sanseverinolucano.com\/index.php?rest_route=%2Fwp%2Fv2%2Fcategories&post=157"},{"taxonomy":"post_tag","embeddable":true,"href":"https:\/\/www.sanseverinolucano.com\/index.php?rest_route=%2Fwp%2Fv2%2Ftags&post=157"}],"curies":[{"name":"wp","href":"https:\/\/api.w.org\/{rel}","templated":true}]}}