{"id":161,"date":"2014-03-10T14:08:22","date_gmt":"2014-03-10T13:08:22","guid":{"rendered":"http:\/\/www.sanseverinolucano.com\/?p=161"},"modified":"2014-06-15T14:08:39","modified_gmt":"2014-06-15T12:08:39","slug":"corale-impegno-politico-piu-legalita-contro-la-crisi","status":"publish","type":"post","link":"https:\/\/www.sanseverinolucano.com\/?p=161","title":{"rendered":"Corale impegno politico. Pi\u00f9 legalit\u00e0 contro la crisi"},"content":{"rendered":"<p><span style=\"color: #000000\">Sulla tomba di John Kennedy \u00e8 stato scolpito questo pensiero: \u00abNon chiederti che cosa pu\u00f2 fare il suo Paese per te, ma che cosa puoi fare tu per il tuo Paese\u00bb! Questo invito, che pu\u00f2 essere considerato come il testamento di quello storico personaggio verso il popolo degli Stati Uniti, lo crediamo attuale anche verso il nostro popolo Italiano, oggi forse pi\u00f9 che mai. C&#8217;\u00e8 infatti nel cuore di tutti gli onesti un autentico desiderio per una societ\u00e0 pi\u00f9 giusta, pi\u00f9 solidale, meno violenta e meno materialista. Questo auspicio viene pi\u00f9 spontaneo oggi in cui la crisi socio-economica si \u00e8 resa pi\u00f9 grave. \u00a0<\/span><br \/>\n<span style=\"color: #000000\">L&#8217;Italia da tempo vive una stagione di grande lacerazione morale, economica, sociale e politica; si allunga purtroppo la stagione, della disonest\u00e0 e della corruzione a vasto raggio. E&#8217; sostanzialmente una crisi di &#8220;Valori&#8221;, e i &#8220;Valori&#8221; sono, poi, le persone, intese come valori reali. L&#8217;uomo \u00e8 valore se \u00e8 capace di farsi persona,\u00a0 soggetto di diritti e di doveri, responsabile, ben formato all&#8217;impegno politico. <\/span><br \/>\n<span style=\"color: #000000\">In un momento cos\u00ec grave i cittadini, amanti del bene comune, non possono abdicare alla partecipazione alla \u201cpolitica\u201d, ossia alla molteplice e\u00a0 varia azione economica, sociale, legislativa, amministrativa e culturale, del bene comune. Tutti e ciascuno hanno diritto e dovere di partecipare alla politica, sia pure con diversit\u00e0 e complementariet\u00e0 di forme, livelli, compiti e responsabilit\u00e0.<\/span><br \/>\n<span style=\"color: #000000\">Le accuse di arrivismo, di idolatria del potere, di egoismo e di corruzione che non infrequentemente vengono rivolte agli uomini del governo, del parlamento, dei partiti politici come pure l&#8217;opinione non poco diffusa che la politica sia un luogo di necessario pericolo morale, non giustificano, minimamente n\u00e9 lo scetticismo n\u00e9 l&#8217;assenteismo dei cittadini alla cosa pubblica.<\/span><br \/>\n<span style=\"color: #000000\">La vita pubblica, concepita in senso dinamico, deve essere continuamente costruita, fatta di nuovo, dal contributo responsabile di tutti i cittadini.<\/span><br \/>\n<span style=\"color: #000000\">Non \u00e8 l&#8217;ora\u00a0 di essere fiaccati o demotivati da qualunque scandalo, anche se venisse dall&#8217;alto. E&#8217; l&#8217;ora del \u201crisorgimento\u201d spirituale con forte supplemento di coscienza illuminata, vincente sulla tentacolare insidia dell&#8217;individualismo.<\/span><br \/>\n<span style=\"color: #000000\">Dobbiamo riflettere non tanto su come gli altri rispettano il principio della legalit\u00e0, quanto su come noi\u00a0 lo viviamo in ordine al dover sviluppare una rinnovata cultura della Legge, senza trincerarsi nel castello delle facili denunce, consapevoli che ogni uomo, per la sua natura sociale, mentre possiede eguali diritti, egualmente deve essere cosciente di avere il peso di simmetrici doveri. E&#8217; indispensabile, equilibrare le individuali libert\u00e0, orientandole verso la giustizia. Senza tali regole una societ\u00e0 libera e giusta non pu\u00f2 consistere. <\/span><br \/>\n<span style=\"color: #000000\">La legalit\u00e0 \u00e8 innanzitutto rispetto delle leggi. Un&#8217;autentica democrazia \u00e8 possibile solo in uno stato di diritto. Altrimenti \u00e8 una societ\u00e0 nella quale vige la legge del pi\u00f9 forte che si fa strada con la prepotenza e con la forza del potere.<\/span><br \/>\n<span style=\"color: #000000\">Lotta quindi a tutte le ingiustizie, alle oppressioni, alle inefficienze, alla violenza e aggiungiamo al divario Nord-Sud.<\/span><br \/>\n<span style=\"color: #000000\">Tutti sanno, inutile negarlo, che il Sud, oggi soffre fortemente, pi\u00f9 di qualsiasi altra area del Paese. Nel meridione la crisi ha prodotto povert\u00e0, disoccupazione, emarginazione sociale, difficolt\u00e0 per imprese, lavoratori, famiglie.<\/span><br \/>\n<span style=\"color: #000000\">Alla societ\u00e0 italiana l&#8217;unica via percorribile in questo momento \u00e8 il recupero della moralit\u00e0 a tutti i livelli, per invertire quel processo di illegalit\u00e0 diffusa che \u00e8 la vera causa dei mali del nostro Paese. Occorre recuperare un \u00abvivo senso dell&#8217;etica\u00bb a livello personale e a livello socio-politico: a livello personale ci\u00f2 potr\u00e0 essere raggiunto mediante un forte impegno alla formazione da parte della scuola, dei media, delle famiglie, dell&#8217;associazionismo, della Chiesa nelle sue diverse articolazioni; per quanto riguarda il livello politico \u00e8 necessaria una riforma che coinvolga le istituzioni, gli stessi partiti, ma anche il modo stesso di intendere la politica, come servizio e non come occupazione del potere. <\/span><br \/>\n<span style=\"color: #000000\">Urge una mobilitazione generale, quella mobilitazione delle coscienze che, insieme a un&#8217;efficace azione istituzionale, pu\u00f2 frenare e ridurre il fenomeno criminoso. Non vi \u00e8 solo paura, ma anche omert\u00e0; non si d\u00e0 solo disimpegno, ma anche collusione; non sempre si subisce una concussione, ma spesso si trova comoda la corruzione per ottenere ci\u00f2 che altrimenti non si potrebbe avere. <\/span><br \/>\n<span style=\"color: #000000\">La legalit\u00e0 quindi intesa come rispetto e osservanza delle leggi \u00e8 una forma particolare della giustizia. E questa nasce e fiorisce sul riconoscimento della dignit\u00e0 personale di ogni uomo. Per questo la giustizia e la legalit\u00e0, colte nelle loro radici profonde, scaturiscono dalla moralit\u00e0 e si configurano come amore verso ciascuna persona e verso la comunit\u00e0.<\/span><\/p>\n<p><span style=\"color: #000000\"><strong>Don Camillo Perrone<\/strong>, Parroco emerito di San Severino Lucano<\/span><\/p>\n","protected":false},"excerpt":{"rendered":"<p>Sulla tomba di John Kennedy \u00e8 stato scolpito questo pensiero: \u00abNon chiederti che cosa pu\u00f2 fare il suo Paese per te, ma che cosa puoi fare tu per il tuo Paese\u00bb! Questo invito, che pu\u00f2 essere considerato come il testamento&hellip; <\/p>\n","protected":false},"author":3,"featured_media":0,"comment_status":"closed","ping_status":"open","sticky":false,"template":"","format":"standard","meta":{"footnotes":""},"categories":[4,8],"tags":[],"class_list":["post-161","post","type-post","status-publish","format-standard","hentry","category-cult","category-pol"],"_links":{"self":[{"href":"https:\/\/www.sanseverinolucano.com\/index.php?rest_route=\/wp\/v2\/posts\/161","targetHints":{"allow":["GET"]}}],"collection":[{"href":"https:\/\/www.sanseverinolucano.com\/index.php?rest_route=\/wp\/v2\/posts"}],"about":[{"href":"https:\/\/www.sanseverinolucano.com\/index.php?rest_route=\/wp\/v2\/types\/post"}],"author":[{"embeddable":true,"href":"https:\/\/www.sanseverinolucano.com\/index.php?rest_route=\/wp\/v2\/users\/3"}],"replies":[{"embeddable":true,"href":"https:\/\/www.sanseverinolucano.com\/index.php?rest_route=%2Fwp%2Fv2%2Fcomments&post=161"}],"version-history":[{"count":1,"href":"https:\/\/www.sanseverinolucano.com\/index.php?rest_route=\/wp\/v2\/posts\/161\/revisions"}],"predecessor-version":[{"id":162,"href":"https:\/\/www.sanseverinolucano.com\/index.php?rest_route=\/wp\/v2\/posts\/161\/revisions\/162"}],"wp:attachment":[{"href":"https:\/\/www.sanseverinolucano.com\/index.php?rest_route=%2Fwp%2Fv2%2Fmedia&parent=161"}],"wp:term":[{"taxonomy":"category","embeddable":true,"href":"https:\/\/www.sanseverinolucano.com\/index.php?rest_route=%2Fwp%2Fv2%2Fcategories&post=161"},{"taxonomy":"post_tag","embeddable":true,"href":"https:\/\/www.sanseverinolucano.com\/index.php?rest_route=%2Fwp%2Fv2%2Ftags&post=161"}],"curies":[{"name":"wp","href":"https:\/\/api.w.org\/{rel}","templated":true}]}}