{"id":167,"date":"2014-01-31T14:12:01","date_gmt":"2014-01-31T13:12:01","guid":{"rendered":"http:\/\/www.sanseverinolucano.com\/?p=167"},"modified":"2014-06-15T14:12:17","modified_gmt":"2014-06-15T12:12:17","slug":"lagenda-di-papa-francesco","status":"publish","type":"post","link":"https:\/\/www.sanseverinolucano.com\/?p=167","title":{"rendered":"L&#8217;agenda di Papa Francesco"},"content":{"rendered":"<p><span style=\"color: #000000\">L&#8217;agenda di Bergoglio \u00e8 dettata dal Vangelo: ed ecco di che cosa si tratta praticamente.<\/span><br \/>\n<span style=\"color: #000000\">Il Papa ha deciso di guardare dentro lo Ior in prima persona. E&#8217; stato proprio in corrispondenza dell&#8217;esplosione del \u201ccaso Scarano\u201d che Papa Francesco da deciso di istituire, nel giugno dello scorso anno, una pontificia Commissione referente, che consenta di conoscere in modo pi\u00f9 approfondito la posizione giuridica dello Ior e permettere una sua migliore &lt;&lt;armonizzazione&gt;&gt; con &lt;&lt;la missione universale della Sede Apostolica&gt;&gt;.<\/span><br \/>\n<span style=\"color: #000000\">Bergoglio per due volte dall&#8217;inizio del Pontificato aveva detto che Pietro non aveva una banca e un&#8217;altra volta aveva detto che lo Ior serve &lt;&lt;fino a un certo punto&gt;&gt;. Sicuramente \u201cquesto\u201d Ior al Papa non piace e, dopo essersi consultato con diverse persone, ha deciso di guardarci dentro meglio, soprattutto per capire se l&#8217;esistenza di una banca in Vaticano sia conforme con tutte le regole delle banche e quanto allo spirito del Vangelo.<\/span><br \/>\n<span style=\"color: #000000\">Questa \u00e8 la preoccupazione di Francesco, non tanto quella della trasparenza, su cui stanno lavorando da tempo le autorit\u00e0 vaticane, sollecitate (e aiutate) dalle autorit\u00e0 finanziarie internazionali. Lo Ior \u00e8 finito nella sua storia in mezzo a tanti pasticci. Ci sono stati Marcinkus e lo scandalo del Banco Ambrosiano, Calvi e Sindona,\u00a0 cose vere e leggende nere. Sicuramente aveva visto giusto Nino Andreatta, economista e cattolico, quando espresse a Casaroli, nel 1981, le sue perplessit\u00e0 sugli intrecci poco virtuosi dello Ior. Ma la sua lezione non \u00e8 mai stata colta in Vaticano. Il Direttore dello Ior Cipriani ha detto che senza la sua banca la Chiesa sarebbe meno libera, creando imbarazzo, quasi che dovesse dare una lezione a Francesco, dopo le sue uscite \u201cfolli\u201d.<\/span><br \/>\n<span style=\"color: #000000\">A Bergoglio non piace una Chiesa dove a dettare l&#8217;agenda sono le lobby e l&#8217;intreccio degli interessi. L&#8217;agenda \u00e8 il Vangelo. Punto e basta. Una banca piena di segreti e con una storia inquietante \u00e8 compatibile con il Vangelo? Il problema vero che c&#8217;\u00e8 sullo sfondo \u00e8 il rapporto tra la Chiesa e il denaro, il suo uso e la degenerazione amministrativa (come dimostra l&#8217;arresto di monsignor Scarano) che vale per molti, congregazioni religiose e diocesi e non solo per lo Ior e la Curia.<\/span><br \/>\n<span style=\"color: #000000\">Il Vaticano attende ora le rogatorie annunciate dal governo italiano. Sequestrati conti per 6,5 milioni che secondo il pm sarebbero frutto di false donazioni.<\/span><br \/>\n<span style=\"color: #000000\">Per\u00f2 ogni giorno, nelle parrocchie italiane, i sacerdoti annunciano il Vangelo offrendo a tutti la carit\u00e0, conforto e speranza; sono un punto di riferimento sicuro.<\/span><br \/>\n<span style=\"color: #000000\">Questi preti si prodigano e si sacrificano instancabilmente e tante volte eroicamente per il bene religioso e sociale di tutti.<\/span><br \/>\n<span style=\"color: #000000\">La Chiesa di Francesco sta cambiando. In soli dieci mesi \u00e8 gi\u00e0 profondamente trasformata nel metodo e negli obiettivi pastorali: l&#8217;attenzione ai poveri e agli ultimi \u00e8 sempre pi\u00f9 evidente.<\/span><br \/>\n<span style=\"color: #000000\">La Chiesa proprio mentre sembrava essere chiusa all&#8217;angolo dagli scandali e dalle divisioni al suo interno, ora si rimette in cammino. La barca di Pietro, sballottata dalle onde in un mare pericoloso, ha trovato un nuovo, grande traghettatore. Papa Francesco\u00a0 sa che la rotta \u00e8 segnata dal Vangelo.<\/span><br \/>\n<span style=\"color: #000000\">L&#8217;Italia \u00e8 gravemente ammalata, non c&#8217;\u00e8 dubbio. Infatti tutti cercano di emettere diagnosi e prognosi, sentenze eziologiche, verdetti terapeutici. <\/span><br \/>\n<span style=\"color: #000000\">Serve un elettroshock !&#8230;<\/span><br \/>\n<span style=\"color: #000000\">Si riparte dal Vangelo che sta all&#8217;origine di tutto e che, nella sua essenza, \u00e8 sfida assoluta alla mondanit\u00e0, al potere, al male che si annida nella storia.<\/span><br \/>\n<span style=\"color: #000000\">Duro monito papale contro l&#8217;usura. Ora serve il coraggio di cambiare; lo devono trovare i cittadini per ripartire nel 2014, lo devono dimostrare i politici. Il mondo cambier\u00e0 solo se, prima, cambieremo noi.<\/span><br \/>\n<span style=\"color: #000000\">Il cambiamento deve iniziare da ciascuno, nella consapevolezza che solo il \u201cnoi\u201d pu\u00f2 guarirci dal male di un individualismo ingordo e irresponsabile. E&#8217; questa assunzione di corresponsabilit\u00e0 l&#8217;unica via di salvezza, alla portata di tutti, per promuovere quella legalit\u00e0 che nasce dalla saldatura fra responsabilit\u00e0 e giustizia. Per tentare di uscire da una crisi che prima di tutto \u00e8 etica, politica, culturale. Per impegnarsi a sconfiggere la zona grigia nella quale prosperano false promesse, corruzione, abusi, gravi carenze di una politica non pi\u00f9 orientata al bene comune, ispirata soltanto da letture economiche che penalizzano le persone pi\u00f9 fragili. A cominciare dai giovani, stanchi di aspettare.<\/span><br \/>\n<span style=\"color: #000000\">Il problema non \u00e8 preoccuparsi di loro, ma occuparsene. <\/span><br \/>\n<span style=\"color: #000000\">Ed occorre infondere coraggio e speranza in essi, soprattutto coinvolgendoli dando loro opportunit\u00e0 e responsabilit\u00e0 in diversi campi: dall&#8217;universit\u00e0 alla politica, dall&#8217;imprenditoria al mondo dell&#8217;informazione. <\/span><\/p>\n<p><span style=\"color: #000000\"><strong>Don Camillo Perrone<\/strong>, Parroco emerito di San Severino Lucano<\/span><\/p>\n","protected":false},"excerpt":{"rendered":"<p>L&#8217;agenda di Bergoglio \u00e8 dettata dal Vangelo: ed ecco di che cosa si tratta praticamente. Il Papa ha deciso di guardare dentro lo Ior in prima persona. E&#8217; stato proprio in corrispondenza dell&#8217;esplosione del \u201ccaso Scarano\u201d che Papa Francesco da&hellip; <\/p>\n","protected":false},"author":3,"featured_media":0,"comment_status":"closed","ping_status":"open","sticky":false,"template":"","format":"standard","meta":{"footnotes":""},"categories":[4],"tags":[10],"class_list":["post-167","post","type-post","status-publish","format-standard","hentry","category-cult","tag-papa-francesco"],"_links":{"self":[{"href":"https:\/\/www.sanseverinolucano.com\/index.php?rest_route=\/wp\/v2\/posts\/167","targetHints":{"allow":["GET"]}}],"collection":[{"href":"https:\/\/www.sanseverinolucano.com\/index.php?rest_route=\/wp\/v2\/posts"}],"about":[{"href":"https:\/\/www.sanseverinolucano.com\/index.php?rest_route=\/wp\/v2\/types\/post"}],"author":[{"embeddable":true,"href":"https:\/\/www.sanseverinolucano.com\/index.php?rest_route=\/wp\/v2\/users\/3"}],"replies":[{"embeddable":true,"href":"https:\/\/www.sanseverinolucano.com\/index.php?rest_route=%2Fwp%2Fv2%2Fcomments&post=167"}],"version-history":[{"count":1,"href":"https:\/\/www.sanseverinolucano.com\/index.php?rest_route=\/wp\/v2\/posts\/167\/revisions"}],"predecessor-version":[{"id":168,"href":"https:\/\/www.sanseverinolucano.com\/index.php?rest_route=\/wp\/v2\/posts\/167\/revisions\/168"}],"wp:attachment":[{"href":"https:\/\/www.sanseverinolucano.com\/index.php?rest_route=%2Fwp%2Fv2%2Fmedia&parent=167"}],"wp:term":[{"taxonomy":"category","embeddable":true,"href":"https:\/\/www.sanseverinolucano.com\/index.php?rest_route=%2Fwp%2Fv2%2Fcategories&post=167"},{"taxonomy":"post_tag","embeddable":true,"href":"https:\/\/www.sanseverinolucano.com\/index.php?rest_route=%2Fwp%2Fv2%2Ftags&post=167"}],"curies":[{"name":"wp","href":"https:\/\/api.w.org\/{rel}","templated":true}]}}