{"id":1690,"date":"2014-11-18T18:13:46","date_gmt":"2014-11-18T17:13:46","guid":{"rendered":"http:\/\/www.sanseverinolucano.com\/?p=1690"},"modified":"2014-11-18T18:15:05","modified_gmt":"2014-11-18T17:15:05","slug":"matera-capitale-2019-voglia-di-riscatto-2","status":"publish","type":"post","link":"https:\/\/www.sanseverinolucano.com\/?p=1690","title":{"rendered":"Matera capitale 2019: voglia di riscatto"},"content":{"rendered":"<p>[del Sac. Camillo Perrone]<\/p>\n<p>La designazione della citt\u00e0 di <strong>Matera<\/strong> a capitale Europea della cultura 2019 rappresenta una grande vittoria e un motivo d&#8217;orgoglio per tutta la Regione Basilicata.<br \/>\n\u00c8 un traguardo che apre ad una sfida che deve coinvolgere tutta la Basilicata perch\u00e9 trasformi le sue debolezze in una via di riscatto. Oggi pi\u00f9 che mai tutti insieme, donne e uomini di cultura nelle sue varie espressioni artistiche, religiose, economiche, sociali e politiche, abbiamo la comune responsabilit\u00e0 di valorizzare e far conoscere all&#8217;Europa e al mondo intero la nostra terra considerata quasi una cenerentola.<br \/>\nOggi investire in cultura vuol dire investire nel nostro futuro e questa opportunit\u00e0 di Matera2019 non pu\u00f2 e non deve andare sprecata.<br \/>\nE chi minimamente pensa che la Basilicata sia priva di patrimonio d&#8217;arte o vive fuori dal mondo o \u00e8 ignaro di una realt\u00e0 che \u00e8 presente e per questo va salvaguardata, portata agli antichi splendori e fatta conoscere a tutto il mondo.<br \/>\nOccorre trasformare il magnifico riconoscimento in oggetto, in una concreta opportunit\u00e0 di tutela e valorizzazione del territorio lucano e di crescita complessiva a vantaggio delle sue comunit\u00e0. \u00c8 una sfida che riguarda la Basilicata intera. E poi il Sud e l&#8217;Italia.<br \/>\nLa scelta di Matera quale capitale europea della cultura \u00e8 una grandissima opportunit\u00e0 per il Sud, dove cultura, ambiente, turismo, ricerca e capacit\u00e0 di organizzare le risorse umane diventano le grandi armi nelle mani di un Mezzogiorno che non si commisera, ma che si d\u00e0 da fare.<br \/>\nPer una forma di nemesi storica, aver sofferto nel passato miseria ed emigrazione a causa della mancanza di un processo di industrializzazione diffusa, disponiamo oggi di un patrimonio estremamente prezioso dalle fortissime potenzialit\u00e0.<br \/>\nCi sono le potenzialit\u00e0 e abbondano i beni di offerta, splendidi monumenti, Sassi di Matera (detti una volta: vergogna di Italia) e centri storici, conventi francescani e masserie fortificate, Magna Grecia e archeologia, buona cucina e alto senso dell&#8217;ospitalit\u00e0.<br \/>\nLa Basilicata: una terra segnata dalle molteplici realt\u00e0 artistiche e culturali che si integrano in maniera unica con un paesaggio straordinario, ma particolarmente Matera, citta&#8217; dalle risorse ineguagliabili, ove arte, cultura e natura si fondono in un bel connubio, splendore vetusto e anche moderno.<br \/>\nQuasi all&#8217;alba del mondo, le ansie e le sofferenze dei nostri avi sono state come pietrificate nei &#8220;Sassi&#8221;di Matera, tutta la storia politica religiosa e civile dell&#8217;uomo e&#8217; rintracciabile lungo gli scavi cosi&#8217; diffusi sul territorio regionale, oppure nelle chiese, nei monasteri, nelle grotte, in quei vecchi manieri ove alberga il &#8220;cuor di Federico&#8221;.<br \/>\nE vengono in mente le parole di Giovanni Paolo II rivolte ai materani nel 1991:&lt;&lt;Voi, abitanti di Matera e della Provincia, siete temprati da un&#8217;esperienza secolare ad affrontare grandi e piccoli disagi, a non piegarvi davanti alle avversit\u00e0 e alle forze della natura. Siete una popolazione laboriosa, paziente, silenziosa, profondamente umana e cristiana. E&#8217; ben giusto che io vi renda oggi questa pubblica testimonianza. Merita di essere conosciuto il vostro coraggio, nutrito di fede, di pazienza e di amore al sacrificio. La nostra epoca raramente sa apprezzare tali preziose virt\u00f9 perch\u00e9 spesso sembra preferire l&#8217;apparenza alla realt\u00e0, l&#8217;avere all&#8217;essere.<br \/>\nSimbolo della vostra secolare esperienza umana \u00e8 quel complesso di centenarie abitazioni scavato nella roccia, conosciute nel mondo come i &#8220;Sassi&#8221;, divenute oggi una curiosit\u00e0 archeologica. Ma sotto lo stesso nome esse nascondono una storia di ristrettezze economiche, di enormi sacrifici individuali e collettivi. I vostri non lontani antenati erano poveri, ma onesti; privi dei tanti beni fuggevoli, che pu\u00f2 offrire questa terra, ma ricchi di quegli altri beni che non tramontano mai.<br \/>\nI &#8220;Sassi&#8221; richiamano alla mente le avventure di popolazioni scacciate dalla loro patria, per motivi religiosi e politici, e qui approdati trovandovi rifugio ed accoglienza&gt;&gt;.<br \/>\nPoi urge una profonda educazione a riscoprire, conoscere, apprezzare il nostro patrimonio storico, artistico, architettonico e culturale ecc. e questo significa consegnare alle nuove generazioni dei talenti non indifferenti da spendere.<br \/>\nOccorre inoltre far conoscere la cultura quale bene comune di ciascun popolo, espressione della sua dignit\u00e0, libert\u00e0 e creativit\u00e0: testimonianza del suo cammino storico.<br \/>\nE serve programmazione e il coinvolgimento di tutta la comunit\u00e0 lucana, comprese le pi\u00f9 piccole, perch\u00e9 la ricchezza culturale e sociale della Basilicata non \u00e8 solo nei confini della citt\u00e0 di Matera ma anche e soprattutto nei piccoli borghi.<br \/>\nQuesto dovr\u00e0 rappresentare anche una unica opportunit\u00e0 di creare nuovo lavoro e sviluppo nel settore del turismo e dei servizi. Un&#8217;opportunit\u00e0 importante, unica, che potr\u00e0 restituire dignit\u00e0. La sfida inizia adesso. Cultura \u00e8 lavoro, \u00e8 sviluppo, \u00e8 ripresa.<br \/>\nRincresce dire che la Basilicata \u00e8 stata purtroppo caratterizzata, fino a pochi anni or sono, da un quasi completo isolamento.<br \/>\nQuesto, se le ha consentito di conservare, quasi intatte, le sue notevolissime risorse naturali, ambientali, monumentali, non ha permesso che queste risorse pregiate, ed a volte uniche, fossero adeguatamente conosciute all&#8217;esterno ed alimentassero significativi movimenti turistici, culturali e sociali.<br \/>\nCon la citt\u00e0 di Matera \u2013 baricentro europeo della cultura \u2013 anche le aree interne, in conclusione, vanno aiutate verso uno sviluppo congeniale alle molteplici risorse presenti sul territorio.<\/p>\n<p><strong>Don Camillo Perrone<\/strong><\/p>\n<p>&nbsp;<\/p>\n<p>&nbsp;<\/p>\n","protected":false},"excerpt":{"rendered":"<p>[del Sac. Camillo Perrone] La designazione della citt\u00e0 di Matera a capitale Europea della cultura 2019 rappresenta una grande vittoria e un motivo d&#8217;orgoglio per tutta la Regione Basilicata. \u00c8 un traguardo che apre ad una sfida che deve coinvolgere&hellip; <\/p>\n","protected":false},"author":3,"featured_media":0,"comment_status":"closed","ping_status":"open","sticky":false,"template":"","format":"standard","meta":{"footnotes":""},"categories":[4],"tags":[],"class_list":["post-1690","post","type-post","status-publish","format-standard","hentry","category-cult"],"_links":{"self":[{"href":"https:\/\/www.sanseverinolucano.com\/index.php?rest_route=\/wp\/v2\/posts\/1690","targetHints":{"allow":["GET"]}}],"collection":[{"href":"https:\/\/www.sanseverinolucano.com\/index.php?rest_route=\/wp\/v2\/posts"}],"about":[{"href":"https:\/\/www.sanseverinolucano.com\/index.php?rest_route=\/wp\/v2\/types\/post"}],"author":[{"embeddable":true,"href":"https:\/\/www.sanseverinolucano.com\/index.php?rest_route=\/wp\/v2\/users\/3"}],"replies":[{"embeddable":true,"href":"https:\/\/www.sanseverinolucano.com\/index.php?rest_route=%2Fwp%2Fv2%2Fcomments&post=1690"}],"version-history":[{"count":1,"href":"https:\/\/www.sanseverinolucano.com\/index.php?rest_route=\/wp\/v2\/posts\/1690\/revisions"}],"predecessor-version":[{"id":1692,"href":"https:\/\/www.sanseverinolucano.com\/index.php?rest_route=\/wp\/v2\/posts\/1690\/revisions\/1692"}],"wp:attachment":[{"href":"https:\/\/www.sanseverinolucano.com\/index.php?rest_route=%2Fwp%2Fv2%2Fmedia&parent=1690"}],"wp:term":[{"taxonomy":"category","embeddable":true,"href":"https:\/\/www.sanseverinolucano.com\/index.php?rest_route=%2Fwp%2Fv2%2Fcategories&post=1690"},{"taxonomy":"post_tag","embeddable":true,"href":"https:\/\/www.sanseverinolucano.com\/index.php?rest_route=%2Fwp%2Fv2%2Ftags&post=1690"}],"curies":[{"name":"wp","href":"https:\/\/api.w.org\/{rel}","templated":true}]}}