{"id":192,"date":"2013-04-25T14:23:45","date_gmt":"2013-04-25T12:23:45","guid":{"rendered":"http:\/\/www.sanseverinolucano.com\/?p=192"},"modified":"2014-06-15T14:24:02","modified_gmt":"2014-06-15T12:24:02","slug":"come-educare-la-classe-politica-del-futuro","status":"publish","type":"post","link":"https:\/\/www.sanseverinolucano.com\/?p=192","title":{"rendered":"Come educare la classe politica del futuro?"},"content":{"rendered":"<p><span style=\"color: #000000\">Vano l&#8217;auspicio di una ripresa \u00e8 stato detto pi\u00f9 volte\u00a0 se non sar\u00e0 soprattutto culturale e morale. Occorre preparare una nuova classe dirigente, scommettere sui giovani e contrastare cos\u00ec l&#8217;attuale crisi, che non \u00e8 soltanto economica, ma etica, culturale e antropologica. Persiste una concatenazione di meccanismi perversi, di una struttura di regressione, di una vera e propria struttura di peccato.<\/span><br \/>\n<span style=\"color: #000000\">Si parla del nostro Sud, societ\u00e0 spesso ingannata e offesa da amministratori corrotti, superficiali e poco preoccupati del bene comune.<\/span><br \/>\n<span style=\"color: #000000\">Evidentemente chiediamo ai politici e ai pubblici amministratori \u201cdi fornire\u00a0 agli occhi di tutti serie garanzie di competenza, moralit\u00e0 e chiarezza,&#8230; sapendo anteporre le esigenze del bene comune agli interessi personali e di gruppo\u201d.<\/span><br \/>\n<span style=\"color: #000000\">Negli ultimi tre decenni \u2013 se non pi\u00f9 \u2013 la politica non \u00e8 stata lo strumento con il quale l&#8217;Italia \u00e8 stata governata. Se non andiamo errati, l&#8217;hanno dominata gruppi legati a interessi economici e finanziari, al cui servizio sono state messe le risorse, le opportunit\u00e0, e le stesse istituzioni del nostro Paese.<\/span><br \/>\n<span style=\"color: #000000\">La politica \u00e8 il contrario di tutto questo. Essa \u00e8 l&#8217;unico antidoto al dominio degli interessi, dal momento che mette in gioco un potere diffuso che serve a rappresentare e a difendere i diritti legittimi della maggioranza delle persone, ma anche a tutelare le minoranze, i pi\u00f9 deboli, tutti i cittadini e le cittadine.<\/span><br \/>\n<span style=\"color: #000000\">Politica \u00e8 impicciarsi, sapendo che tutto ci riguarda; agire nella consapevolezza che quello che succede dipende da ognuno di noi. E&#8217; mettere in luce problemi, cercare soluzioni che facciano progredire ognuno e tutti, con un dialogo serrato che produca volont\u00e0 comuni.<\/span><br \/>\n<span style=\"color: #000000\">Ma la politica \u00e8 soprattutto desiderio, magari di cose buone e giuste, per ottenere le quali vale davvero la pena di muoversi e di dare qualcosa di noi. Abolire povert\u00e0 e guerra, affermare la giustizia, magari accompagnata dalla capacit\u00e0 di accogliere, di comprendere, di sostenere, di aiutare: alla apparentemente debole strada della politica il compito di rendere veri desideri come questi. <\/span><br \/>\n<span style=\"color: #000000\">La questione morale resta, anzi si \u00e8 metastatizzata sia a livello politico come nel settore privato. Il cancro ha raggiunto ogni aspetto della societ\u00e0 civile e amministrativa. L&#8217;indebolimento del senso di legalit\u00e0 quindi ha prodotto un inquinamento esteso e profondo che investe non soltanto la devianza penale, ma la stessa cultura delle regole di una convivenza ordinata.<\/span><br \/>\n<span style=\"color: #000000\">E&#8217; necessario impegnarsi in una nuova proposta educativa per la formazione dei giovani. E teniamo presente che \u201cla maggiore forza a servizio dello sviluppo \u00e8 un umanesimo cristiano\u201d (Caritas in veritate, n.78).<\/span><br \/>\n<span style=\"color: #000000\">Per questo la dimensione educativa, umana e religiosa ha un ruolo fondamentale nella crescita del Mezzogiorno. L&#8217;educazione assicura il senso di responsabilit\u00e0, l&#8217;efficacia dell&#8217;agire, cio\u00e8 i requisiti essenziali del gusto e della capacit\u00e0 di intrapresa. <\/span><br \/>\n<span style=\"color: #000000\">I veri attori dello sviluppo non sono i mezzi economici, ma le persone&#8230; e queste vanno educate e formate. Lo sviluppo \u00e8 impossibile senza uomini retti, senza operatori economici e uomini politici che vivano fortemente nelle loro coscienze l&#8217;appello del bene comune.<\/span><br \/>\n<span style=\"color: #000000\">I giovani sono pertanto chiamati a dare un contributo qualificato alla societ\u00e0.<\/span><br \/>\n<span style=\"color: #000000\">Invece nel campo della educazione delle ultime generazioni sia a livello universitario che post-universitario e pure professionale, c&#8217;\u00e8 una tendenza al ribasso.<\/span><br \/>\n<span style=\"color: #000000\">Si deve reagire urgentemente contro questo progressivo degrado (cfr. Documento C.E.I.). \u201cPer far maturare questa particolare sensibilit\u00e0 spirituale e culturale \u00e8 necessario impegnarsi in una nuova proposta educativa, rigenerando e riordinando gli ambiti in cui ci si spende per l&#8217;educazione e la formazione dei giovani\u201d (cfr. Documento C.E.I.).<\/span><br \/>\n<span style=\"color: #000000\">Ripetiamo: protagonisti dell&#8217;azione di rinnovamento devono essere anzitutto i giovani, chiamati a farsi costruttori di una nuova societ\u00e0. Spesso, nel Sud, molto di loro si autoemarginano, non pochi vivono disorientati, la maggior parte non si sente accolta nelle esperienze socio-politiche.<\/span><br \/>\n<span style=\"color: #000000\">C&#8217;\u00e8 nei giovani del Sud un grande potenziale, che in ripetute circostanze si esprime come rifiuto di un certo tipo di societ\u00e0. Spesso, per\u00f2, si limitano alla sola denunzia o a postulare una novit\u00e0. Bisogna educarli, invece, a immettersi concretamente nell&#8217;esperienza sociale, attraverso forme di volontariato, di aggregazione culturale, di cooperazione, perch\u00e8 propongano, esperimentino, incidano sul futuro della loro terra.<\/span><br \/>\n<span style=\"color: #000000\">Uno dei motivi per cui la crisi economica \u00e8 cos\u00ec condizionante \u00e8 perch\u00e8 si fronteggia con una crisi abissale della politica, che ha perso il significato vero e profondo del servizio e sembra non aver pi\u00f9 nulla di costruttivo da dire, perch\u00e8 orfana di un progetto culturale. Se questo \u00e8 il quadro di riferimento, \u00e8 allora necessario puntare sui giovani, classe dirigente di domani.<\/span><br \/>\n<span style=\"color: #000000\">Incoraggiamo allora i nostri giovani ad occuparsi del bene comune, a disporsi con atteggiamento di apertura verso il futuro, ad essere riferimenti affidabili per i loro coetanei e per le giovanissime generazioni, ad opporsi ai compromessi, frutto di utilitarismo o debolezza di pensiero, a rafforzare il senso della legalit\u00e0 e delle istituzioni.<\/span><\/p>\n<p><span style=\"color: #000000\"><strong>Don Camillo Perrone<\/strong>, Parroco emerito di San Severino Lucano<\/span><\/p>\n","protected":false},"excerpt":{"rendered":"<p>Vano l&#8217;auspicio di una ripresa \u00e8 stato detto pi\u00f9 volte\u00a0 se non sar\u00e0 soprattutto culturale e morale. Occorre preparare una nuova classe dirigente, scommettere sui giovani e contrastare cos\u00ec l&#8217;attuale crisi, che non \u00e8 soltanto economica, ma etica, culturale e&hellip; <\/p>\n","protected":false},"author":3,"featured_media":0,"comment_status":"closed","ping_status":"open","sticky":false,"template":"","format":"standard","meta":{"footnotes":""},"categories":[4,8],"tags":[],"class_list":["post-192","post","type-post","status-publish","format-standard","hentry","category-cult","category-pol"],"_links":{"self":[{"href":"https:\/\/www.sanseverinolucano.com\/index.php?rest_route=\/wp\/v2\/posts\/192","targetHints":{"allow":["GET"]}}],"collection":[{"href":"https:\/\/www.sanseverinolucano.com\/index.php?rest_route=\/wp\/v2\/posts"}],"about":[{"href":"https:\/\/www.sanseverinolucano.com\/index.php?rest_route=\/wp\/v2\/types\/post"}],"author":[{"embeddable":true,"href":"https:\/\/www.sanseverinolucano.com\/index.php?rest_route=\/wp\/v2\/users\/3"}],"replies":[{"embeddable":true,"href":"https:\/\/www.sanseverinolucano.com\/index.php?rest_route=%2Fwp%2Fv2%2Fcomments&post=192"}],"version-history":[{"count":1,"href":"https:\/\/www.sanseverinolucano.com\/index.php?rest_route=\/wp\/v2\/posts\/192\/revisions"}],"predecessor-version":[{"id":194,"href":"https:\/\/www.sanseverinolucano.com\/index.php?rest_route=\/wp\/v2\/posts\/192\/revisions\/194"}],"wp:attachment":[{"href":"https:\/\/www.sanseverinolucano.com\/index.php?rest_route=%2Fwp%2Fv2%2Fmedia&parent=192"}],"wp:term":[{"taxonomy":"category","embeddable":true,"href":"https:\/\/www.sanseverinolucano.com\/index.php?rest_route=%2Fwp%2Fv2%2Fcategories&post=192"},{"taxonomy":"post_tag","embeddable":true,"href":"https:\/\/www.sanseverinolucano.com\/index.php?rest_route=%2Fwp%2Fv2%2Ftags&post=192"}],"curies":[{"name":"wp","href":"https:\/\/api.w.org\/{rel}","templated":true}]}}