{"id":200,"date":"2013-02-14T14:28:05","date_gmt":"2013-02-14T13:28:05","guid":{"rendered":"http:\/\/www.sanseverinolucano.com\/?p=200"},"modified":"2014-06-15T14:28:20","modified_gmt":"2014-06-15T12:28:20","slug":"tradurre-gli-autentici-ideali-di-promozione-umana","status":"publish","type":"post","link":"https:\/\/www.sanseverinolucano.com\/?p=200","title":{"rendered":"Tradurre gli autentici ideali di promozione umana"},"content":{"rendered":"<p><span style=\"color: #000000\">Si surriscalda sempre di pi\u00f9 la campagna elettorale. Il confronto politico s&#8217;\u00e8 infarcito di stoccate mordaci, di altero disprezzo, di scontri duri dove la demonizzazione dell&#8217;avversario \u00e8 divenuta un fatto quotidiano. Sembra che molti freni inibitori si siano sciolti e che la ragione, la moderazione, il buon senso siano stati messi in disparte. C&#8217;\u00e8 quindi conflittualit\u00e0 accentuata, frammentazione e molta incertezza.<\/span><br \/>\n<span style=\"color: #000000\">A causa di discordia civile Dante scaglia all&#8217;Italia nostra quelle dure, caustiche parole: \u201cahi serva Italia, di dolore ostello, nave senza nocchiero!&#8230;\u201d (Purg. VI, 76).<\/span><br \/>\n<span style=\"color: #000000\">Chiediamo che si temperino i linguaggi ovvero i toni aspri, i proclami fatti con arroganza; vogliamo che si comprenda che senza un minimo di fraternit\u00e0 si sfaldano le compagini, le societ\u00e0 precipitano in baratri profondi. Occorrono mitezza, impegno forte per superare i contrastanti interessi in gioco.<\/span><br \/>\n<span style=\"color: #000000\">In questa societ\u00e0 disgregata e divisa, appellandoci all&#8217;amor patrio e per la comune origine e storia, diciamo che occorrerebbe tendere all&#8217;unit\u00e0 morale e sociale.<\/span><br \/>\n<span style=\"color: #000000\">Giorgio Napolitano ci ricorda che \u00e8: \u201cil pensiero della Patria a rendere agevole la concordia pur nelle legittime differenze, il bene dell&#8217;Italia deve essere il limite alla discordia tra i partiti\u201d.<\/span><br \/>\n<span style=\"color: #000000\">L&#8217;unit\u00e0 si costruisce su qualcosa pi\u00f9 grande di noi, su dei valori assoluti, etici e sociali.<\/span><br \/>\n<span style=\"color: #000000\">Occorre imparare a vivere l&#8217;unit\u00e0 nel pluralismo e fare in modo che i principi che proclamiamo siano ispiratori di nuove progettualit\u00e0 politiche. La campagna elettorale per portare a buon esito deve essere pi\u00f9 costruttiva e rispettosa delle diverse posizioni, pur dentro la dialettica che \u00e8 giusta. Meno frecce e molta coesione: le divisioni deturpano il volto dell&#8217;Italia e non solo.<\/span><br \/>\n<span style=\"color: #000000\">L&#8217;Italia da tempo vive una stagione di grande lacerazione morale, economica, sociale e politica; si allunga purtroppo la stagione della disonest\u00e0 e della corruzione a vasto raggio, con arresti eccellenti. Siamo in un cunicolo dal quale non si vede ancora l&#8217;esito luminoso. Il nostro Paese \u00e8 alle prese con una crisi economica e sociale non prevista\u00a0 con sufficiente lungimiranza e che richiede uno sforzo certamente collettivo, ma che per essere concreto deve far leva sulla responsabilit\u00e0 di ciascuno, nessuno escluso; un Paese che \u00e8 ormai attraversato da faglie profonde e che rischia ogni giorno di pi\u00f9 di lacerarsi. La crisi continua a mordere le famiglie italiane e in modo particolare quelle composte da giovani, spesso precari nel lavoro. Il disorientamento pertanto \u00e8 grande e generale. Si impone la necessit\u00e0 di una nuova evangelizzazione sociale per trasformare \u2013 secondo i dettami evangelici \u2013 i criteri di giudizio e i costumi, di permeare le istituzioni e le strutture. Ognuno di noi deve sentirsi interpellato e fermento di attualit\u00e0, sensibile e attento ad alcuni settori pi\u00f9 intensamente sfidanti.<\/span><br \/>\n<span style=\"color: #000000\">Ecco alcuni ambiti di particolare urgenza:<\/span><br \/>\n<span style=\"color: #000000\">&#8211; la dignit\u00e0 e la centralit\u00e0 della persona, che \u00e8 il bene pi\u00f9 prezioso;<\/span><br \/>\n<span style=\"color: #000000\">&#8211; il diritto alla vita, in ogni suo sviluppo e in ogni sua condizione;<\/span><br \/>\n<span style=\"color: #000000\">&#8211; la famiglia \u2013 realt\u00e0 in sfascio, ma cellula di futuro;<\/span><br \/>\n<span style=\"color: #000000\">&#8211; la politica: destinata a promuovere organicamente e istituzionalmente il bene comune;<\/span><br \/>\n<span style=\"color: #000000\">&#8211; la vita economico-sociale: guardando alla destinazione universale dei beni, all&#8217;organizzazione del lavoro, a una giusta concezione dello sviluppo, alla questione ecologica;<\/span><br \/>\n<span style=\"color: #000000\">&#8211; la cultura: quale bene comune di ciascun popolo, espressione della sua dignit\u00e0, libert\u00e0 e creativit\u00e0; testimonianza del suo cammino storico;<\/span><br \/>\n<span style=\"color: #000000\">&#8211; la cultura \u2013 guardando ai vasti aeropaghi dell&#8217;educazione, della scuola, della comunicazione.<\/span><br \/>\n<span style=\"color: #000000\">Il problema del lavoro, che \u00e8 la chiave essenziale di tutta la questione sociale, \u00e8 drammaticamente serio. <\/span><br \/>\n<span style=\"color: #000000\">Siamo quindi scivolati nella cosiddetta svolta antropologica profondamente e da lungo tempo sostenuta dalla Chiesa. In effetti si vuole riproporre con chiarezza e con coraggio la verit\u00e0, peraltro attestata dalla storia, che la religione cattolica, pur trascendendo l&#8217;orizzonte terreno, \u00e8 per sua natura capace di rinnovare ogni realt\u00e0 umana, riscattandola dai suoi errori e limiti e portandola alla sua pienezza. <\/span><br \/>\n<span style=\"color: #000000\">In questa prospettiva tutti e ciascuno, e in primo luogo quanti nei diversi ambiti hanno una maggiore responsabilit\u00e0 per il bene comune, non possono sfuggire al dovere \u2013 reso oggi particolarmente urgente e indilazionabile \u2013 di un rinnovamento etico personale, come condizione di credibilit\u00e0 e di efficacia di ogni altra riforma di strutture ed istituzioni. <\/span><br \/>\n<span style=\"color: #000000\">Sono questi i temi che non devono mancare sull&#8217;agenda sociale, da quella di chi ci governa a quella degli ultimi cittadini che si dedicano al volontariato e alla cura degli altri. Sono impegni derivanti dalla coerenza con i valori che fondano e tutelano la dignit\u00e0 dell&#8217;uomo e che esigono di essere accolti nella loro integralit\u00e0 e reciproca connessione.<\/span><br \/>\n<span style=\"color: #000000\">Circola spesso l&#8217;immagine di un Paese disamorato, privo di prospettive, quasi in attesa dell&#8217;ineluttabile. La crisi economica e sociale \u00e8 per\u00f2 il sintomo drammatico di uno spaesamento pi\u00f9 profondo. L&#8217;effetto \u00e8 un ripiegamento sul privato e una fuga nella demagogia che allontana la possibilit\u00e0 di un cambiamento. <\/span><br \/>\n<span style=\"color: #000000\">E ora si vota: recarsi alle urne \u00e8 un grave dovere civico.<\/span><br \/>\n<span style=\"color: #000000\">A noi pare che il pi\u00f9 urgente dovere sia quello di allontanare dal nostro spirito ogni tentazione di smarrimento e di apatia, di rassegnazione e di fatalismo, che costituirebbero il pi\u00f9 grave pericolo nella gi\u00e0 grave situazione del momento.<\/span><br \/>\n<span style=\"color: #000000\">Non ci nascondiamo, certamente, le reali molteplici difficolt\u00e0, le deviazioni e gli errori; ma crediamo che, nel nostro Paese, non manchino, tuttora, ampie possibilit\u00e0 di ripresa e forti energie di bene, che trovano le loro radici nella fondamentale sanit\u00e0 di persone, di famiglie, di gruppi e movimenti, di tante istituzioni.<\/span><br \/>\n<span style=\"color: #000000\">Occorre riprendere coscienza della necessit\u00e0 di una responsabile partecipazione di tutti agli impegni richiesti dalla situazione. Nessuno si chiuda in se stesso. Nessuno pu\u00f2 sentirsi esonerato, in questo momento, dall&#8217;assumere i propri compiti precisi, per collaborare a tradurre in atto gli ideali veri e le aspirazioni di una autentica promozione umana.<\/span><br \/>\n<span style=\"color: #000000\">La situazione sociale e politica, che l&#8217;Italia sta vivendo in questa fase delicata della sua storia, di fronte alla scadenza elettorale ci porta a stigmatizzare l&#8217;astensionismo purtroppo sempre rilevante.<\/span><br \/>\n<span style=\"color: #000000\">Ai candidati dico che, se essere eletti significa essere rappresentanti, questo dovrebbe voler dire che loro devono rendere presente qualcosa da cui in certo qual modo dipendono. Mi auguro che abbiano questa consapevolezza.<\/span><\/p>\n<p><span style=\"color: #000000\"><strong>Don Camillo Perrone<\/strong>, Parroco emerito di San Severino Lucano<\/span><\/p>\n","protected":false},"excerpt":{"rendered":"<p>Si surriscalda sempre di pi\u00f9 la campagna elettorale. Il confronto politico s&#8217;\u00e8 infarcito di stoccate mordaci, di altero disprezzo, di scontri duri dove la demonizzazione dell&#8217;avversario \u00e8 divenuta un fatto quotidiano. Sembra che molti freni inibitori si siano sciolti e&hellip; <\/p>\n","protected":false},"author":3,"featured_media":0,"comment_status":"closed","ping_status":"open","sticky":false,"template":"","format":"standard","meta":{"footnotes":""},"categories":[4],"tags":[],"class_list":["post-200","post","type-post","status-publish","format-standard","hentry","category-cult"],"_links":{"self":[{"href":"https:\/\/www.sanseverinolucano.com\/index.php?rest_route=\/wp\/v2\/posts\/200","targetHints":{"allow":["GET"]}}],"collection":[{"href":"https:\/\/www.sanseverinolucano.com\/index.php?rest_route=\/wp\/v2\/posts"}],"about":[{"href":"https:\/\/www.sanseverinolucano.com\/index.php?rest_route=\/wp\/v2\/types\/post"}],"author":[{"embeddable":true,"href":"https:\/\/www.sanseverinolucano.com\/index.php?rest_route=\/wp\/v2\/users\/3"}],"replies":[{"embeddable":true,"href":"https:\/\/www.sanseverinolucano.com\/index.php?rest_route=%2Fwp%2Fv2%2Fcomments&post=200"}],"version-history":[{"count":1,"href":"https:\/\/www.sanseverinolucano.com\/index.php?rest_route=\/wp\/v2\/posts\/200\/revisions"}],"predecessor-version":[{"id":202,"href":"https:\/\/www.sanseverinolucano.com\/index.php?rest_route=\/wp\/v2\/posts\/200\/revisions\/202"}],"wp:attachment":[{"href":"https:\/\/www.sanseverinolucano.com\/index.php?rest_route=%2Fwp%2Fv2%2Fmedia&parent=200"}],"wp:term":[{"taxonomy":"category","embeddable":true,"href":"https:\/\/www.sanseverinolucano.com\/index.php?rest_route=%2Fwp%2Fv2%2Fcategories&post=200"},{"taxonomy":"post_tag","embeddable":true,"href":"https:\/\/www.sanseverinolucano.com\/index.php?rest_route=%2Fwp%2Fv2%2Ftags&post=200"}],"curies":[{"name":"wp","href":"https:\/\/api.w.org\/{rel}","templated":true}]}}