{"id":203,"date":"2013-02-03T14:29:08","date_gmt":"2013-02-03T13:29:08","guid":{"rendered":"http:\/\/www.sanseverinolucano.com\/?p=203"},"modified":"2014-06-15T14:29:40","modified_gmt":"2014-06-15T12:29:40","slug":"la-crisi-segna-litalia-in-una-dimensione-antropologica-impoverita","status":"publish","type":"post","link":"https:\/\/www.sanseverinolucano.com\/?p=203","title":{"rendered":"La crisi segna l&#8217;Italia in una dimensione antropologica impoverita"},"content":{"rendered":"<p><span style=\"color: #000000\">La campagna elettorale procede fra polemiche grottesche, promesse apodittiche, timori mal celati, retromarce incredibili. Ciascuno spera di attrarre elettori pescando nel mare magnum dei milioni d&#8217;italiani tuttora indecisi o propensi al non voto.<\/span><br \/>\n<span style=\"color: #000000\">La chiarezza dev&#8217;esser fatta subito, cio\u00e8 prima, ancora prima delle elezioni. Si dice cosa si vuol fare e con chi, e si mantengano le promesse, come conviene ad uomini d&#8217;onore. L&#8217;affidabilit\u00e0 di un partito e di una persona si pu\u00f2 dedurre da questo: mantenere le promesse elettorali. Chi non lo fa danneggia la democrazia, ma soprattutto se stesso, perch\u00e8 gli elettori ormai non sono pi\u00f9 sprovveduti e negheranno il voto ai ciarlatani. MPS \u00e8 al centro del dibattito tra i partiti, Giorgio Napolitano chiede chiarezza; soprattutto i politici facciano chiarezza.<\/span><br \/>\n<span style=\"color: #000000\">In quest&#8217;anno di crisi gli italiani hanno fatto quello che viene loro meglio: arrangiarsi, valorizzando ci\u00f2 che rimane di buono.<\/span><br \/>\n<span style=\"color: #000000\">Il nuovo rapporto Censis 2012 delinea una societ\u00e0 in crisi, dove paradossalmente aumentano il numero dei super ricchi, mentre il ceto medio \u00e8 sempre pi\u00f9 povero. Nel rapporto si ricordano i grandi temi di fondo: la compressione dei redditi reali, la crescente disuguaglianza, il progressivo impoverimento. La povert\u00e0 attanaglia sempre pi\u00f9 il Paese. Lo dice l&#8217;Istat, l&#8217;Istituto italiano di statistica, lo dicono associazioni e volontari in prima linea nella lotta contro la povert\u00e0. Sono sempre di pi\u00f9 le persone, anche italiane, che l&#8217;anno scorso hanno chiesto aiuto per mangiare alle strutture di accoglienza o ai servizi di volontariato. Gli effetti della difficile situazione generale si fanno sentire sui consumi delle famiglie, che continuano a contrarsi, riflettendo, si afferma nel bollettino di Bankitalia, &lt;&lt;il prolungato calo del reddito disponibile, che nella media dei primi tre trimestri del 2012 si \u00e8 ridotto del 4,3 per cento&gt;&gt;. Il problema, osserva il rapporto, \u00e8 che mentre il Governo provava a risanare i conti &lt;&lt;i soggetti sociali non si sono sentiti coinvolti dall&#8217;azione di governo&gt;&gt;, perch\u00e8 sospettosi che a questa strategia non seguissero adeguate riforme. Insomma, &lt;&lt;non \u00e8 scattata la magia dello sviluppo fatto da Governo e popolo&gt;&gt; e il rigore di Governo &lt;&lt;non ha avuto lo spessore per generare forza psichica collettiva&gt;&gt;. Soprattutto i giovani vogliono dire una parola di coraggio in questa comunit\u00e0 degli uomini segnata dall&#8217;ipocrisia, dalla violenza, dall&#8217;alienazione, dalla sete di potere.<\/span><br \/>\n<span style=\"color: #000000\">I giovani e il loro magro presente sono il nostro maggiore assillo. Siamo con questi giovani perch\u00e8 \u00e8 intollerabile lo sperpero antropologico di cui, loro malgrado, sono attori. Ecco le situazioni umane primarie, che vanno riconciliate a verit\u00e0 e speranza, i valori umani da salvaguardare: la dignit\u00e0 della persona umana, spesso offesa, dissociata nelle culture dominanti e manipolata, la promozione integrale dell&#8217;uomo, l&#8217;accoglienza e il rispetto per la vita, i giovani, la famiglia, la scuola, il lavoro, l&#8217;ambiente.<\/span><br \/>\n<span style=\"color: #000000\">Il Card. Bagnasco afferma che &lt;&lt;il Paese sano \u00e8 stanco di populismi e reticenze da qualunque provenienza e comunque vestiti&gt; e &lt;&lt;la gente vuole che la politica cessi di essere una via per l&#8217;arricchimento personale&gt;&gt;. Bagnasco si sofferma molto sulla questione sociale, sulla disoccupazione, e soprattutto sull&#8217;impoverimento della popolazione e sui tagli al welfare e alla sanit\u00e0. <\/span><br \/>\n<span style=\"color: #000000\">In un&#8217;ottica antropologica oggi occorre &lt;&lt;parlare di bioeconomia&gt;&gt;, perch\u00e8 &lt;&lt;senza il primato antropologico&gt;&gt; la finanza e l&#8217;economia &lt;&lt;sarebbero oppressive&gt;&gt; e &lt;&lt;lo stato sociale nascerebbe su basi anguste e riduttive&gt;&gt;. <\/span><br \/>\n<span style=\"color: #000000\">Questi principi non sono verit\u00e0 di fede n\u00e9 sono solo una derivazione del diritto alla libert\u00e0 religiosa. Essi sono inscritti nella natura umana stessa, riconoscibili con la ragione e quindi sono comuni a tutta l&#8217;umanit\u00e0. L&#8217;azione della Chiesa nel promuoverli non ha, dunque, carattere confessionale, ma \u00e8 rivolta a tutte le persone, prescindendo dalla loro affiliazione religiosa. Quindi il mio dire non \u00e8 da considerare puramente clericale.<\/span><br \/>\n<span style=\"color: #000000\">Naturalmente l&#8217;antropologia cristiana aiuta la ragione, ma non si pu\u00f2 parlare di confessionalismo. Anzi la posizione della Chiesa riguardo al diritto alla vita \u00e8 esattamente il contrario del confessionalismo: \u00e8 proprio la Fede che aiuta lo Stato\u00a0 ad essere veramente uno Stato, cio\u00e8 il forte difensore dei deboli, il garante della uguale dignit\u00e0 di tutti i consociati. Non a caso Benedetto XVI nella enciclica Charitas in veritate ha sintetizzato il cuore del dibattito socio-morale, dicendo che \u201cla questione sociale \u00e8 divenuta la questione antropologica\u201d. Le parole d&#8217;ordine della modernit\u00e0 \u2013 dignit\u00e0, eguaglianza, diritti umani, libert\u00e0, solidariet\u00e0 e giustizia \u2013 si frantumano se non sappiamo chi \u00e8 l&#8217;uomo. Quindi l&#8217;antropologia \u00e8 della massima attualit\u00e0.<\/span><br \/>\n<span style=\"color: #000000\">Nei giorni scorsi ovunque si \u00e8 celebrata la &lt;&lt;Giornata della Memoria&gt;&gt; in ricordo dell&#8217;Olocausto delle vittime del nazismo. La memoria di questa immane tragedia, che colp\u00ec cos\u00ec duramente soprattutto il popolo ebraico, deve rappresentare per tutti un monito costante affinch\u00e8 non si ripetano gli orrori del passato, si superi ogni forma di odio e di razzismo e si promuovano il rispetto e la dignit\u00e0 della persona umana. Le atrocit\u00e0 teutoniche di 70 anni fa oggi si chiamano guerre, mafia, stupri, violenze su donne e bambini. Divampano attentati, si perpetrano delitti ovunque. L&#8217;elenco potrebbe continuare all&#8217;infinito.<\/span><br \/>\n<span style=\"color: #000000\">Occorre allora che la famiglia umana prenda sempre pi\u00f9 piena coscienza della sua unit\u00e0 al di la di ogni discriminazione basata sulla distinzione di razza, colore, cultura, classe sociale e religione. Di fatti il razzismo appare ancora come una minaccia assai grave contro una catena di odio e di violenza che sfigura l&#8217;immagine dell&#8217;uomo, deforma le coscienze, separa gli uomini tra loro.<\/span><br \/>\n<span style=\"color: #000000\">E&#8217; questa un&#8217;ora delicata e determinante per la storia del nostro Paese (mi riferisco alle elezioni politiche imminenti). Sono seriamente in gioco i grandi valori della vita umana, del suo ordinato sviluppo personale, familiare, sociale e religioso, dalla libert\u00e0 alla giustizia, dalla garanzia per una retta educazione e un dignitoso lavoro all&#8217;ordinamento di una convivenza sicura.<\/span><br \/>\n<span style=\"color: #000000\">Dobbiamo chiamare tutti ad uno specifico esame di coscienza per saper discernere, per saper valutare onde assicurare un futuro migliore, all&#8217;indomani delle elezioni. Questo \u00e8 un bilancio non solo di carattere politico, ma anche e soprattutto di carattere culturale ed etico. E&#8217; necessario allora aiutare tutti a liberare tale bilancio dagli aspetti utilitaristici e congiunturali, partitici, corporativi, soggettivi, come pure dai rischi di una manipolazione dell&#8217;opinione pubblica.<\/span><\/p>\n<p><span style=\"color: #000000\"><strong>Don Camillo Perrone<\/strong>, Parroco emerito di San Severino Lucano<\/span><\/p>\n","protected":false},"excerpt":{"rendered":"<p>La campagna elettorale procede fra polemiche grottesche, promesse apodittiche, timori mal celati, retromarce incredibili. Ciascuno spera di attrarre elettori pescando nel mare magnum dei milioni d&#8217;italiani tuttora indecisi o propensi al non voto. La chiarezza dev&#8217;esser fatta subito, cio\u00e8 prima,&hellip; <\/p>\n","protected":false},"author":3,"featured_media":0,"comment_status":"closed","ping_status":"open","sticky":false,"template":"","format":"standard","meta":{"footnotes":""},"categories":[4,8],"tags":[],"class_list":["post-203","post","type-post","status-publish","format-standard","hentry","category-cult","category-pol"],"_links":{"self":[{"href":"https:\/\/www.sanseverinolucano.com\/index.php?rest_route=\/wp\/v2\/posts\/203","targetHints":{"allow":["GET"]}}],"collection":[{"href":"https:\/\/www.sanseverinolucano.com\/index.php?rest_route=\/wp\/v2\/posts"}],"about":[{"href":"https:\/\/www.sanseverinolucano.com\/index.php?rest_route=\/wp\/v2\/types\/post"}],"author":[{"embeddable":true,"href":"https:\/\/www.sanseverinolucano.com\/index.php?rest_route=\/wp\/v2\/users\/3"}],"replies":[{"embeddable":true,"href":"https:\/\/www.sanseverinolucano.com\/index.php?rest_route=%2Fwp%2Fv2%2Fcomments&post=203"}],"version-history":[{"count":1,"href":"https:\/\/www.sanseverinolucano.com\/index.php?rest_route=\/wp\/v2\/posts\/203\/revisions"}],"predecessor-version":[{"id":204,"href":"https:\/\/www.sanseverinolucano.com\/index.php?rest_route=\/wp\/v2\/posts\/203\/revisions\/204"}],"wp:attachment":[{"href":"https:\/\/www.sanseverinolucano.com\/index.php?rest_route=%2Fwp%2Fv2%2Fmedia&parent=203"}],"wp:term":[{"taxonomy":"category","embeddable":true,"href":"https:\/\/www.sanseverinolucano.com\/index.php?rest_route=%2Fwp%2Fv2%2Fcategories&post=203"},{"taxonomy":"post_tag","embeddable":true,"href":"https:\/\/www.sanseverinolucano.com\/index.php?rest_route=%2Fwp%2Fv2%2Ftags&post=203"}],"curies":[{"name":"wp","href":"https:\/\/api.w.org\/{rel}","templated":true}]}}