{"id":206,"date":"2013-01-15T14:30:25","date_gmt":"2013-01-15T13:30:25","guid":{"rendered":"http:\/\/www.sanseverinolucano.com\/?p=206"},"modified":"2014-06-15T14:31:31","modified_gmt":"2014-06-15T12:31:31","slug":"combattere-lo-spread-del-benessere-sociale","status":"publish","type":"post","link":"https:\/\/www.sanseverinolucano.com\/?p=206","title":{"rendered":"Combattere lo &#8220;spread&#8221; del benessere sociale"},"content":{"rendered":"<p><span style=\"color: #000000\">Non \u00e8 un caso che Mario Monti decise di lanciare recentemente, proprio a Melfi, un avvertimento netto sul rischio di bruciare una dura stagione di riforme nel fal\u00f2 della propaganda elettorale. Dalla citt\u00e0 federiciana, ove si trovava con Marchionne ed Elkann, nella SATA, il Premier rivolse un perentorio appello: &lt;&lt;Non sprecate i sacrifici&gt;&gt;.\u00a0 &lt;&lt;Dura lex, sed lex&gt;&gt; recita un assioma latino ben noto. S\u00ec, Professore; per\u00f2 meno tasse e sbocchi occupazionali&#8230; E mentre \u00e8 in corso la campagna elettorale (inverno incandescente!) il Vaticano chiede fermamente attenzione al welfare.<\/span><br \/>\n<span style=\"color: #000000\">In una dimensione antropologica i partiti, se credono in un riformismo pieno e rispettoso delle persone, devono comprendere nei loro programmi e nelle loro agende, alcuni principi di fondo quali il diritto al lavoro, la tutela dello Stato sociale e democratico contrastando la sua erosione, i tentativi di abbatterlo e la crescita delle diseguaglianze. In altre parole, le &lt;&lt;politiche dello sviluppo&gt;&gt; non vanno contrapposte alle &lt;&lt;politiche sociali&gt;&gt;. <\/span><br \/>\n<span style=\"color: #000000\">E mentre Giorgio Napolitano nel suo alto discorso di fine anno mette l&#8217;accento sulla questione sociale, anche Papa Benedetto XVI \u2013 con opportuni ammonimenti \u2013 auspica che uno spirito di tenacia e di impegno condiviso animi la cara nazione italiana in questo momento particolare della sua storia. <\/span><br \/>\n<span style=\"color: #000000\">Cari politici di ogni schieramento, nonch\u00e9 abitanti della stessa regione: occhi ben puntati sulla povera nostra Basilicata, bisognosa di\u00a0 sicurezza economica ed ambientale, di servizi socio-assistenziali e sanitari pi\u00f9 efficienti, di sostegno concreto al settore agricolo-forestale-zootecnico, di turismo, in una dimensione europea. <\/span><br \/>\n<span style=\"color: #000000\">I partiti &lt;&lt;debbono avere come punto di riferimento i diritti e doveri dell&#8217;uomo considerati come unit\u00e0 indivisibile&gt;&gt;, e &lt;&lt;non possono essere privi dell&#8217;orizzonte del bene umano integrale&gt;&gt;. L&#8217;economia non \u00e8 soltanto cifre, \u00e8 ben altro: coinvolge la giustizia sociale e il bene comune; e non pu\u00f2 sottrarsi al fondamentale rispetto per la persona. La persona infatti \u00e8 centrale perch\u00e8 portatrice di quei diritti \u2013 da rispettare in qualunque situazione \u2013 dai quali non pu\u00f2 prescindere un vero sviluppo, legato cio\u00e8 a tutto l&#8217;uomo e a tutti gli uomini. Lo sviluppo, quindi, non pu\u00f2 essere lasciato a un mercato ossessionato dal prodotto interno lordo. \u201cIl PIL misura tutto, eccetto ci\u00f2 che rende la vita degna di essere vissuta\u201d, diceva Robert Kennedy. <\/span><br \/>\n<span style=\"color: #000000\">L&#8217;economia deve andare oltre logiche individualistiche e conflittuali che ne oscurano la verit\u00e0 antropologica. L&#8217;attivit\u00e0 economica in quanto attivit\u00e0 umana non pu\u00f2 limitarsi al profitto: deve in ogni caso essere capace di promuovere l&#8217;uomo e \u2013 di conseguenza \u2013 va strutturata e istituzionalizzata eticamente per poter funzionare in modo corretto. Senza la norma morale non si raggiunge lo sviluppo integrale, quello di tutta la persona e dell&#8217;umanit\u00e0 intera. Il mercato crea efficienza ma non equit\u00e0. Il deficit etico pesa e l&#8217;efficienza non basta per superare le storture della modernit\u00e0. <\/span><br \/>\n<span style=\"color: #000000\">La giustizia sociale \u00e8 un riferimento imprescindibile per una nuova economia. Al centro della valutazione morale deve esserci la dignit\u00e0 di ogni uomo, altrimenti si cade in balia di interessi privati e di logiche di potere. <\/span><br \/>\n<span style=\"color: #000000\">La crisi economica e finanziaria si \u00e8 sviluppata perch\u00e8 troppo spesso \u00e8 stato assolutizzato il profitto, a scapito del lavoro, e ci si \u00e8 avventurati senza freni sulle strade dell&#8217;economia finanziaria, piuttosto che di quella reale. Occorre dunque recuperare il senso del lavoro e di un profitto ad esso proporzionato. Tener presente che c&#8217;\u00e8 il triangolo della morte dell&#8217;economia: tasse alle stelle, banche con troppe sofferenze e quindi restie a dare finanziamenti alle imprese e alle famiglie, costo del debito dello Stato insopportabile. L&#8217;economia italiana \u00e8 chiusa in questo triangolo, che quindi, se si vuole puntare allo sviluppo, va rotto.<\/span><br \/>\n<span style=\"color: #000000\">Dovrebbe essere pertanto questo il tema di una campagna elettorale seria, specialmente se condotta da personalit\u00e0 con particolare competenza in materia economica e finanziaria. Inoltre cosa non meno grave \u00e8 la distribuzione della ricchezza caratterizzata &lt;&lt;da un elevato grado di concentrazione&gt;&gt;. Lo afferma la Banca d&#8217;Italia, nel supplemento al Bollettino statistico, spiegando che la met\u00e0 pi\u00f9 povera delle famiglie italiane detiene il 9,4 per cento della ricchezza totale, mentre il dieci per cento pi\u00f9 ricco ha il 45,9 per cento.<\/span><br \/>\n<span style=\"color: #000000\">Tutti parlano di riforme in un&#8217;Italia che cerca i cambiamenti. Un rinnovamento che deve attuarsi prima nell&#8217;individuo, essendo l&#8217;individuo e lo Stato elementi indissociabili. Nella prospettiva di un rilancio della promozione dell&#8217;uomo e delle ragioni del bene comune, risulta la necessit\u00e0 di una nuova coscienza morale nell&#8217;impegno sociale e politico.<\/span><\/p>\n<p><span style=\"color: #000000\"><strong>Don Camillo Perrone<\/strong>, Parroco emerito di San Severino Lucano<\/span><\/p>\n","protected":false},"excerpt":{"rendered":"<p>Non \u00e8 un caso che Mario Monti decise di lanciare recentemente, proprio a Melfi, un avvertimento netto sul rischio di bruciare una dura stagione di riforme nel fal\u00f2 della propaganda elettorale. Dalla citt\u00e0 federiciana, ove si trovava con Marchionne ed&hellip; <\/p>\n","protected":false},"author":3,"featured_media":0,"comment_status":"closed","ping_status":"open","sticky":false,"template":"","format":"standard","meta":{"footnotes":""},"categories":[4,8],"tags":[],"class_list":["post-206","post","type-post","status-publish","format-standard","hentry","category-cult","category-pol"],"_links":{"self":[{"href":"https:\/\/www.sanseverinolucano.com\/index.php?rest_route=\/wp\/v2\/posts\/206","targetHints":{"allow":["GET"]}}],"collection":[{"href":"https:\/\/www.sanseverinolucano.com\/index.php?rest_route=\/wp\/v2\/posts"}],"about":[{"href":"https:\/\/www.sanseverinolucano.com\/index.php?rest_route=\/wp\/v2\/types\/post"}],"author":[{"embeddable":true,"href":"https:\/\/www.sanseverinolucano.com\/index.php?rest_route=\/wp\/v2\/users\/3"}],"replies":[{"embeddable":true,"href":"https:\/\/www.sanseverinolucano.com\/index.php?rest_route=%2Fwp%2Fv2%2Fcomments&post=206"}],"version-history":[{"count":1,"href":"https:\/\/www.sanseverinolucano.com\/index.php?rest_route=\/wp\/v2\/posts\/206\/revisions"}],"predecessor-version":[{"id":207,"href":"https:\/\/www.sanseverinolucano.com\/index.php?rest_route=\/wp\/v2\/posts\/206\/revisions\/207"}],"wp:attachment":[{"href":"https:\/\/www.sanseverinolucano.com\/index.php?rest_route=%2Fwp%2Fv2%2Fmedia&parent=206"}],"wp:term":[{"taxonomy":"category","embeddable":true,"href":"https:\/\/www.sanseverinolucano.com\/index.php?rest_route=%2Fwp%2Fv2%2Fcategories&post=206"},{"taxonomy":"post_tag","embeddable":true,"href":"https:\/\/www.sanseverinolucano.com\/index.php?rest_route=%2Fwp%2Fv2%2Ftags&post=206"}],"curies":[{"name":"wp","href":"https:\/\/api.w.org\/{rel}","templated":true}]}}