{"id":2194,"date":"2016-04-22T09:35:45","date_gmt":"2016-04-22T07:35:45","guid":{"rendered":"http:\/\/www.sanseverinolucano.com\/?p=2194"},"modified":"2016-04-22T09:35:45","modified_gmt":"2016-04-22T07:35:45","slug":"la-basilicata-dei-parchi-su-rai1-domenica-24-aprile-a-linea-verde-lagricoltura-lucana-e-i-suoi-prodotti-tipici","status":"publish","type":"post","link":"https:\/\/www.sanseverinolucano.com\/?p=2194","title":{"rendered":"La Basilicata dei Parchi su RAI1. Domenica 24 aprile, a Linea Verde l\u2019agricoltura lucana e i suoi prodotti tipici"},"content":{"rendered":"<p style=\"text-align: justify;\"><img loading=\"lazy\" decoding=\"async\" class=\"alignnone\" src=\"http:\/\/www.sarconiweb.it\/gazzettavaldagri\/wp-content\/uploads\/2016\/04\/4696-629x330.jpg\" alt=\"\" width=\"629\" height=\"330\" \/><\/p>\n<p style=\"text-align: justify;\">Fonte: <a href=\"http:\/\/www.parcoappenninolucano.it\/apl\/portal?a=6055\" target=\"_blank\">Parco Appennino Lucano <\/a>\u2013<\/p>\n<p style=\"text-align: justify;\">L\u2019agricoltura e i prodotti tipici lucani saranno i protagonisti della puntata di Linea Verde che andr\u00e0 in onda domenica 24 aprile alle ore 12.20 su Rai1.<br \/>\n\u201cBasilicata: quando l\u2019agricoltura \u00e8 anche cultura\u201d. \u00c8 questo il tema intorno al quale ruoter\u00e0 il racconto che i conduttori faranno delle aziende e delle produzioni che rappresenteranno una parte del ben pi\u00f9 ricco paniere che la nostra regione pu\u00f2 offrire al visitatore.<br \/>\nLa puntata di domenica prossima, ci porter\u00e0 in giro con un viaggio attraverso i comuni dei Parchi nazionali dell\u2019Appennino Lucano e del Pollino, che le telecamere dello storico programma di Rai1, condotto da Patrizio Roversi e Daniela Ferolla, racconteranno con l\u2019entusiasmo e la professionalit\u00e0 di sempre.<\/p>\n<div style=\"float: left; margin-right: 5px;\"><\/div>\n<p style=\"text-align: justify;\">Grazie all\u2019impegno del GAL \u201cLa cittadella del sapere\u201d e alla collaborazione dei due Parchi nazionali lucani, la nostra natura si riveler\u00e0 ancora una volta nella sua bellezza e salubrit\u00e0 al grande pubblico che da sempre segue il fortunato format di Linea Verde.<br \/>\nLa simpatica curiosit\u00e0 di Roversi, volto noto ai tanti spettatori della domenica di Rai Uno, percorrer\u00e0 le vette e i borghi del Pollino alla ricerca di allevamenti e coltivazioni particolari di questo lembo di Basilicata e Calabria.<\/p>\n<div style=\"float: left; margin: 0px 0px 0px 0;\"><\/div>\n<p style=\"text-align: justify;\">Sar\u00e0 la brava Daniela Ferolla, a guidare i telespettatori alla scoperta delle tipicit\u00e0 del Parco dell\u2019Appennino Lucano, disseminato di scorci di paesaggio suggestivi e narrativi, di antiche vestigia storiche e archeologiche, e di produzioni consolidate e certificate, come il Canestrato di Moliterno, o altre ancora da scoprire nelle loro propriet\u00e0 nutritive e nella prelibatezza del gusto. Ad accompagnare il viaggio della Ferolla ci sar\u00e0 il nutrizionista Ciro Vestita.<br \/>\nLa Basilicata imbandisce la sua tavola di preziosit\u00e0 gastronomiche all\u2019Italia, dimostrando cos\u00ec che la tradizione agricola, che da sempre la caratterizza, non \u00e8 il segno di un\u2019arretratezza da superare, ma la testimonianza di una cultura profonda da conservare e valorizzare. Una missione alla quale i Parchi lucani si sono votati con tutte le proprie forze, investendo nella promozione del territorio, cos\u00ec come nella sua salvaguardia e tutela.<\/p>\n<p style=\"text-align: justify;\">\u201cL\u2019agricoltura tradizionale \u00e8 un mosaico di cultura e natura, tradizioni e saperi da salvaguardare \u2013 ha dichiarato il presidente del Parco nazionale Appennino Lucano, Domenico Totaro \u2013 la biodiversit\u00e0 naturale e quella agricola sono valori assoluti delle genti lucane, noi al Parco lavoriamo proprio per questo: il lupo e la lontra, il capovaccaio e la mucca podolica, i fagioli di Sarconi e i prodotti agricoli della Basilicata. Questo \u00e8 l\u2019intimo legame tra natura e cultura per cui stiamo lavorando dal primo giorno in cui il Parco \u00e8 nato. Cercando anche di far capire alla Basilicata e alle Regioni vicine, all\u2019Italia e al mondo che la nostra terra non \u00e8 solo il petrolio ed i problemi piovuti sulla Val d\u2019Agri. Questa terra \u00e8 ricchissima di storia e tradizioni, valori e monumenti, testimonianze del passato e profondo impegno dell\u2019oggi. Solo chi si perde per qualche giorno tra i nostri borghi, boschi e montagne pu\u00f2 tornare a casa con un sorriso, grazie all\u2019accoglienza delle genti lucane e alle tradizioni, sapori e saperi agricoli che qui sono sempre stati il presenti\u201d.<\/p>\n","protected":false},"excerpt":{"rendered":"<p>Fonte: Parco Appennino Lucano \u2013 L\u2019agricoltura e i prodotti tipici lucani saranno i protagonisti della puntata di Linea Verde che andr\u00e0 in onda domenica 24 aprile alle ore 12.20 su Rai1. \u201cBasilicata: quando l\u2019agricoltura \u00e8 anche cultura\u201d. \u00c8 questo il&hellip; <\/p>\n","protected":false},"author":4,"featured_media":0,"comment_status":"open","ping_status":"open","sticky":false,"template":"","format":"standard","meta":{"footnotes":""},"categories":[9],"tags":[],"class_list":["post-2194","post","type-post","status-publish","format-standard","hentry","category-eve"],"_links":{"self":[{"href":"https:\/\/www.sanseverinolucano.com\/index.php?rest_route=\/wp\/v2\/posts\/2194","targetHints":{"allow":["GET"]}}],"collection":[{"href":"https:\/\/www.sanseverinolucano.com\/index.php?rest_route=\/wp\/v2\/posts"}],"about":[{"href":"https:\/\/www.sanseverinolucano.com\/index.php?rest_route=\/wp\/v2\/types\/post"}],"author":[{"embeddable":true,"href":"https:\/\/www.sanseverinolucano.com\/index.php?rest_route=\/wp\/v2\/users\/4"}],"replies":[{"embeddable":true,"href":"https:\/\/www.sanseverinolucano.com\/index.php?rest_route=%2Fwp%2Fv2%2Fcomments&post=2194"}],"version-history":[{"count":1,"href":"https:\/\/www.sanseverinolucano.com\/index.php?rest_route=\/wp\/v2\/posts\/2194\/revisions"}],"predecessor-version":[{"id":2195,"href":"https:\/\/www.sanseverinolucano.com\/index.php?rest_route=\/wp\/v2\/posts\/2194\/revisions\/2195"}],"wp:attachment":[{"href":"https:\/\/www.sanseverinolucano.com\/index.php?rest_route=%2Fwp%2Fv2%2Fmedia&parent=2194"}],"wp:term":[{"taxonomy":"category","embeddable":true,"href":"https:\/\/www.sanseverinolucano.com\/index.php?rest_route=%2Fwp%2Fv2%2Fcategories&post=2194"},{"taxonomy":"post_tag","embeddable":true,"href":"https:\/\/www.sanseverinolucano.com\/index.php?rest_route=%2Fwp%2Fv2%2Ftags&post=2194"}],"curies":[{"name":"wp","href":"https:\/\/api.w.org\/{rel}","templated":true}]}}