{"id":2197,"date":"2016-04-28T13:46:14","date_gmt":"2016-04-28T11:46:14","guid":{"rendered":"http:\/\/www.sanseverinolucano.com\/?p=2197"},"modified":"2016-04-28T13:46:14","modified_gmt":"2016-04-28T11:46:14","slug":"trasferimento-di-s-e-mons-orofino-a-tursi-lagonegro-alle-ore-12-00-del-28-aprile-2016-lannuncio-nella-sala-conferenze-benedetto-xvi-della-cattedrale-di-tursi","status":"publish","type":"post","link":"https:\/\/www.sanseverinolucano.com\/?p=2197","title":{"rendered":"Trasferimento di S. E. Mons. Orofino a Tursi-Lagonegro &#8211; alle ore 12.00 del 28 aprile 2016 l&#8217;annuncio nella Sala Conferenze Benedetto XVI della Cattedrale di Tursi"},"content":{"rendered":"<p><a href=\"http:\/\/www.diocesitursi.it\/tursi\/allegati\/358\/MonsOrofino.jpghttp:\/\/\" target=\"_blank\"><img loading=\"lazy\" decoding=\"async\" class=\"alignnone\" src=\"http:\/\/www.diocesitursi.it\/tursi\/allegati\/358\/MonsOrofino.jpg\" alt=\"\" width=\"287\" height=\"220\" \/><\/a><\/p>\n<div>Oggi, 28 aprile 2016, alle ore 12,00, in contemporanea con la Sala Stampa Vaticana e la Curia Vescovile di Tricarico, nella Sala Conferenze \u201cBenedetto XVI\u201d della Cattedrale di Tursi \u00e8 stato dato l\u2019annuncio del <strong>trasferimento di S. E. Mons. Vincenzo Carmine Orofino<\/strong> dalla sede vescovile di Tricarico <strong>alla sede vescovile di Tursi-Lagonegro<\/strong>. \u00c8 stato l\u2019Amministratore Diocesano mons. Francesco Sirufo a leggere il biglietto di nomina papale ai presenti: il Collegio dei Consultori, gli officiali di Curia, i rappresentanti del clero diocesano e dei fedeli laici, il Sindaco della Citt\u00e0 di Tursi.<\/div>\n<p>&nbsp;<\/p>\n<div>\u201cSfolgora il sole di Pasqua, esulti di gioia la terra. Alleluia!\u201d.<\/div>\n<p>&nbsp;<\/p>\n<div>Cristo risorto, tramite Sua Santit\u00e0 il Papa Francesco, ha scelto il nuovo Pastore per la comunit\u00e0 diocesana di Tursi\u2013Lagonegro.<\/div>\n<p>&nbsp;<\/p>\n<div>Dallo Jonio al Tirreno la Diocesi \u201cdei due mari\u201d esprime letizia e gratitudine al Signore per il dono di S.E.R. Mons. Orofino, generato come degnissimo figlio e adesso accolto come amatissimo Padre.<\/div>\n<p>&nbsp;<\/p>\n<div><\/div>\n<p>&nbsp;<\/p>\n<div style=\"text-align: center;\"><\/div>\n<p>&nbsp;<\/p>\n<div style=\"text-align: center;\"><strong>Curriculum vitae di Mons. Vincenzo Carmine OROFINO<\/strong><\/div>\n<p>&nbsp;<\/p>\n<div style=\"text-align: center;\">&#8212;&#8212;&#8211;<\/div>\n<p>&nbsp;<\/p>\n<div>Monsignor Vincenzo Carmine Orofino \u00e8 nato a San Severino Lucano (PZ), Diocesi di Tursi- Lagonegro, l\u20198 luglio 1953. Entrato nel Seminario di Potenza nell\u2019ottobre 1966, in seguito si \u00e8 formato nel Pontificio Seminario di Salerno, per passare, nel 1976, a Roma nell\u2019Almo Collegio Capranica, mentre studiava Teologia all\u2019Universit\u00e0 Gregoriana dei Padri Gesuiti. Ha conseguito la Licenza in Teologia dogmatica all\u2019Universit\u00e0 Lateranense con una dissertazione su: La crisi della civilt\u00e0 europea. L\u2019apporto di Henri De Lubac.<\/div>\n<div>&#8211; \u00c8 stato ordinato sacerdote il 4 ottobre 1980 per la Diocesi di Tursi-Lagonegro, dove fino al settembre del 1982 \u00e8 stato Vicario parrocchiale di \u201cSan Giacomo Apostolo Maggiore\u201d in Lauria e di \u201cMaria SS. della Visitazione\u201d in Senise. Nel 1983 \u00e8 stato nominato parroco delle parrocchie \u201cB. V. Maria dell\u2019Abbondanza\u201d e \u201cMaria SS. del Carmine\u201d in S. Severino Lucano, coordinando le attivit\u00e0 pastorali di \u201cMaria SS. degli Angeli\u201d e del santuario \u201cMadonna del Pollino\u201d. Ha retto per 2 anni la parrocchia \u201cPresentazione B. V. Maria\u201d in Francavilla sul Sinni.<\/div>\n<div>&#8211; Dal 1982 \u00e8 stato Docente di Teologia dogmatica presso l\u2019Istituto Diocesano di Scienze religiose; Docente di Teologia Fondamentale e Dogmatica all\u2019Istituto Teologico del Seminario Maggiore Interdiocesano di Basilicata dal 1992 al 2004.<\/div>\n<div>&#8211; Ha ricoperto vari incarichi a livello diocesano e regionale: assistente spirituale dei giovani universitari a Potenza; membro della Commissione Presbiterale Regionale per un decennio; direttore dell\u2019Ufficio Missionario Diocesano e dell\u2019Ufficio Scuola; Membro della Commissione Regionale Scuola, Universit\u00e0 e Cultura; dal 1982 membro del Consiglio Pastorale Diocesano, di quello Presbiterale e del Collegio dei Consultori; nel quinquennio 1996-2001 \u00e8 stato Direttore della Consulta Diocesana per i Laici.<\/div>\n<div>&#8211; Dal 1993 al 1997 \u00e8 stato Vicario episcopale e Moderatore di Curia e dal 1997 al 2004 Vicario Generale di Tursi-Lagonegro.<\/div>\n<div>Eletto alla Chiesa di Tricarico il 20 marzo 2004, \u00e8 stato consacrato vescovo il 15 maggio dello stesso anno a Tricarico, con il contestuale ingresso in Diocesi. Il 21 aprile 2016 \u00e8 stato eletto vescovo di Tursi \u2013 Lagonegro.<\/div>\n<p>&#8211; A livello nazionale, attualmente, \u00e8 segretario della Commissione Episcopale per il Servizio della Carit\u00e0 e la Pastorale della Salute; \u00e8 Membro della Presidenza della Caritas Italiana.<\/p>\n<div><a href=\"http:\/\/www.diocesitursi.it\/pls\/tursi\/v3_s2ew_consultazione.redir_allegati_doc?p_id_pagina=358&amp;p_id_allegato=1368&amp;id_sessione=70&amp;pwd_sessione=CDIKDFIKXZwxACQU\" target=\"_blank\">Clicca qui<\/a> per la Lettera di Mons. Vincenzo Orofino al Popolo di Dio che \u00e8 in Tursi-Lagonegro<\/div>\n<p>&nbsp;<\/p>\n","protected":false},"excerpt":{"rendered":"<p>Oggi, 28 aprile 2016, alle ore 12,00, in contemporanea con la Sala Stampa Vaticana e la Curia Vescovile di Tricarico, nella Sala Conferenze \u201cBenedetto XVI\u201d della Cattedrale di Tursi \u00e8 stato dato l\u2019annuncio del trasferimento di S. E. Mons. Vincenzo&hellip; <\/p>\n","protected":false},"author":1,"featured_media":0,"comment_status":"open","ping_status":"open","sticky":false,"template":"","format":"standard","meta":{"footnotes":""},"categories":[9],"tags":[],"class_list":["post-2197","post","type-post","status-publish","format-standard","hentry","category-eve"],"_links":{"self":[{"href":"https:\/\/www.sanseverinolucano.com\/index.php?rest_route=\/wp\/v2\/posts\/2197","targetHints":{"allow":["GET"]}}],"collection":[{"href":"https:\/\/www.sanseverinolucano.com\/index.php?rest_route=\/wp\/v2\/posts"}],"about":[{"href":"https:\/\/www.sanseverinolucano.com\/index.php?rest_route=\/wp\/v2\/types\/post"}],"author":[{"embeddable":true,"href":"https:\/\/www.sanseverinolucano.com\/index.php?rest_route=\/wp\/v2\/users\/1"}],"replies":[{"embeddable":true,"href":"https:\/\/www.sanseverinolucano.com\/index.php?rest_route=%2Fwp%2Fv2%2Fcomments&post=2197"}],"version-history":[{"count":2,"href":"https:\/\/www.sanseverinolucano.com\/index.php?rest_route=\/wp\/v2\/posts\/2197\/revisions"}],"predecessor-version":[{"id":2199,"href":"https:\/\/www.sanseverinolucano.com\/index.php?rest_route=\/wp\/v2\/posts\/2197\/revisions\/2199"}],"wp:attachment":[{"href":"https:\/\/www.sanseverinolucano.com\/index.php?rest_route=%2Fwp%2Fv2%2Fmedia&parent=2197"}],"wp:term":[{"taxonomy":"category","embeddable":true,"href":"https:\/\/www.sanseverinolucano.com\/index.php?rest_route=%2Fwp%2Fv2%2Fcategories&post=2197"},{"taxonomy":"post_tag","embeddable":true,"href":"https:\/\/www.sanseverinolucano.com\/index.php?rest_route=%2Fwp%2Fv2%2Ftags&post=2197"}],"curies":[{"name":"wp","href":"https:\/\/api.w.org\/{rel}","templated":true}]}}