{"id":2376,"date":"2017-03-25T09:39:37","date_gmt":"2017-03-25T08:39:37","guid":{"rendered":"http:\/\/www.sanseverinolucano.com\/?p=2376"},"modified":"2017-03-25T09:39:37","modified_gmt":"2017-03-25T08:39:37","slug":"lora-legale-torna-domenica-26-marzo-2017","status":"publish","type":"post","link":"https:\/\/www.sanseverinolucano.com\/?p=2376","title":{"rendered":"L\u2019Ora legale torna domenica 26 marzo 2017"},"content":{"rendered":"<h2 class=\"tit2\">Nella notte tra sabato 25\u00a0 e domenica 26\u00a0 marzo 2017 , si dovranno portare gli orologi avanti di un&#8217;ora: si dormir\u00e0 un&#8217;ora in meno ma far\u00e0 buio pi\u00f9 tardi la sera.<\/h2>\n<p><a href=\"http:\/\/www.sanseverinolucano.com\/wp-content\/uploads\/2017\/03\/ora-legale.jpg\"><img loading=\"lazy\" decoding=\"async\" class=\"aligncenter size-full wp-image-2377\" src=\"http:\/\/www.sanseverinolucano.com\/wp-content\/uploads\/2017\/03\/ora-legale.jpg\" alt=\"ora legale\" width=\"1024\" height=\"557\" srcset=\"https:\/\/www.sanseverinolucano.com\/wp-content\/uploads\/2017\/03\/ora-legale.jpg 1024w, https:\/\/www.sanseverinolucano.com\/wp-content\/uploads\/2017\/03\/ora-legale-300x163.jpg 300w\" sizes=\"auto, (max-width: 1024px) 100vw, 1024px\" \/><\/a><\/p>\n","protected":false},"excerpt":{"rendered":"<p>Nella notte tra sabato 25\u00a0 e domenica 26\u00a0 marzo 2017 , si dovranno portare gli orologi avanti di un&#8217;ora: si dormir\u00e0 un&#8217;ora in meno ma far\u00e0 buio pi\u00f9 tardi la sera.<\/p>\n","protected":false},"author":1,"featured_media":0,"comment_status":"open","ping_status":"open","sticky":false,"template":"","format":"standard","meta":{"footnotes":""},"categories":[1],"tags":[],"class_list":["post-2376","post","type-post","status-publish","format-standard","hentry","category-gen"],"_links":{"self":[{"href":"https:\/\/www.sanseverinolucano.com\/index.php?rest_route=\/wp\/v2\/posts\/2376","targetHints":{"allow":["GET"]}}],"collection":[{"href":"https:\/\/www.sanseverinolucano.com\/index.php?rest_route=\/wp\/v2\/posts"}],"about":[{"href":"https:\/\/www.sanseverinolucano.com\/index.php?rest_route=\/wp\/v2\/types\/post"}],"author":[{"embeddable":true,"href":"https:\/\/www.sanseverinolucano.com\/index.php?rest_route=\/wp\/v2\/users\/1"}],"replies":[{"embeddable":true,"href":"https:\/\/www.sanseverinolucano.com\/index.php?rest_route=%2Fwp%2Fv2%2Fcomments&post=2376"}],"version-history":[{"count":1,"href":"https:\/\/www.sanseverinolucano.com\/index.php?rest_route=\/wp\/v2\/posts\/2376\/revisions"}],"predecessor-version":[{"id":2378,"href":"https:\/\/www.sanseverinolucano.com\/index.php?rest_route=\/wp\/v2\/posts\/2376\/revisions\/2378"}],"wp:attachment":[{"href":"https:\/\/www.sanseverinolucano.com\/index.php?rest_route=%2Fwp%2Fv2%2Fmedia&parent=2376"}],"wp:term":[{"taxonomy":"category","embeddable":true,"href":"https:\/\/www.sanseverinolucano.com\/index.php?rest_route=%2Fwp%2Fv2%2Fcategories&post=2376"},{"taxonomy":"post_tag","embeddable":true,"href":"https:\/\/www.sanseverinolucano.com\/index.php?rest_route=%2Fwp%2Fv2%2Ftags&post=2376"}],"curies":[{"name":"wp","href":"https:\/\/api.w.org\/{rel}","templated":true}]}}