{"id":2395,"date":"2017-05-12T10:21:38","date_gmt":"2017-05-12T08:21:38","guid":{"rendered":"http:\/\/www.sanseverinolucano.com\/?p=2395"},"modified":"2017-05-12T10:26:47","modified_gmt":"2017-05-12T08:26:47","slug":"linea-verde-sul-pollino-domenica-21-maggio-raiuno-ore-12-15","status":"publish","type":"post","link":"https:\/\/www.sanseverinolucano.com\/?p=2395","title":{"rendered":"LINEA VERDE SUL POLLINO domenica 21 maggio RaiUno ore 12.15"},"content":{"rendered":"<p>Le telecamere della popolare trasmissione \u201cLINEA VERDE\u201d hanno ripreso le bellezze e peculiarit\u00e0 dei territori dei comuni di San Severino Lucano, Viggianello, Rotonda, comuni della dorsale Pollino Lucano.<\/p>\n<p>Patrizio Roversi e Daniela Ferolla si sono immersi in questi paesaggi incantevoli soffermandosi, riprendendo immagini, sugli usi e costumi del luogo, le produzioni agroalimentari, gli angoli suggestivi dei borghi, i paesaggi dell&#8217;acqua, le cime montuose e i boschi.<\/p>\n<p>La festa della&#8221;pita&#8221;di Viggianello, rito arboreo che celebra il matrimonio fra alberi,quale momento propiziatorio di fecondit\u00e0 e di abbondanza dei raccolti, collegato a tradizioni scandinave \u00e8 uno dei momenti che saranno trasmessi nel programma che andr\u00e0 in onda il prossimo 21 Maggio prossimo ore 12,30.<\/p>\n<p>E ancora : la captazione delle sorgenti del Frido utilizzate per uso potabile e irriguo in Puglia e Basilicata, i mulini della valle del Frido diventati strutture ricettive e di ristorazione, gli allevamenti di ovini e le colture del luogo i cui prodotti si gustano in agriturismi.<\/p>\n<p>E poi l&#8217;area del Santuario della Madonna del Pollino sita a 1500 mt di altezza nel comune di San Severino.<\/p>\n<p>Sono stati ripresi i boschi di cerro e di faggio, evidenziando gli utili che possono derivare da un uso intelligente del legno anche creando eventualmente una &#8220;filiera del legno&#8221;che favorisca l&#8217;impresa artigiana e che contribuisca a migliorare l&#8217;arredo di questi borghi spettacolari.<\/p>\n<p>Si \u00e8 dato risalto all&#8217;abete bianco e al pino loricato biodiversit\u00e0 del mondo vegetale del Pollino.<\/p>\n<p>Particolare attenzione \u00e8 stata anche riservata alla sede dell&#8217;Alsia di Rotonda che svolge un ruolo importante nel settore dell&#8217;agricoltura. Altre riprese sono state girate nel parco dell&#8217;Appennino Lucano.<\/p>\n","protected":false},"excerpt":{"rendered":"<p>Le telecamere della popolare trasmissione \u201cLINEA VERDE\u201d hanno ripreso le bellezze e peculiarit\u00e0 dei territori dei comuni di San Severino Lucano, Viggianello, Rotonda, comuni della dorsale Pollino Lucano. Patrizio Roversi e Daniela Ferolla si sono immersi in questi paesaggi incantevoli&hellip; <\/p>\n","protected":false},"author":1,"featured_media":0,"comment_status":"open","ping_status":"open","sticky":false,"template":"","format":"standard","meta":{"footnotes":""},"categories":[4,9],"tags":[],"class_list":["post-2395","post","type-post","status-publish","format-standard","hentry","category-cult","category-eve"],"_links":{"self":[{"href":"https:\/\/www.sanseverinolucano.com\/index.php?rest_route=\/wp\/v2\/posts\/2395","targetHints":{"allow":["GET"]}}],"collection":[{"href":"https:\/\/www.sanseverinolucano.com\/index.php?rest_route=\/wp\/v2\/posts"}],"about":[{"href":"https:\/\/www.sanseverinolucano.com\/index.php?rest_route=\/wp\/v2\/types\/post"}],"author":[{"embeddable":true,"href":"https:\/\/www.sanseverinolucano.com\/index.php?rest_route=\/wp\/v2\/users\/1"}],"replies":[{"embeddable":true,"href":"https:\/\/www.sanseverinolucano.com\/index.php?rest_route=%2Fwp%2Fv2%2Fcomments&post=2395"}],"version-history":[{"count":3,"href":"https:\/\/www.sanseverinolucano.com\/index.php?rest_route=\/wp\/v2\/posts\/2395\/revisions"}],"predecessor-version":[{"id":2398,"href":"https:\/\/www.sanseverinolucano.com\/index.php?rest_route=\/wp\/v2\/posts\/2395\/revisions\/2398"}],"wp:attachment":[{"href":"https:\/\/www.sanseverinolucano.com\/index.php?rest_route=%2Fwp%2Fv2%2Fmedia&parent=2395"}],"wp:term":[{"taxonomy":"category","embeddable":true,"href":"https:\/\/www.sanseverinolucano.com\/index.php?rest_route=%2Fwp%2Fv2%2Fcategories&post=2395"},{"taxonomy":"post_tag","embeddable":true,"href":"https:\/\/www.sanseverinolucano.com\/index.php?rest_route=%2Fwp%2Fv2%2Ftags&post=2395"}],"curies":[{"name":"wp","href":"https:\/\/api.w.org\/{rel}","templated":true}]}}