{"id":2407,"date":"2017-06-02T10:06:04","date_gmt":"2017-06-02T08:06:04","guid":{"rendered":"http:\/\/www.sanseverinolucano.com\/?p=2407"},"modified":"2017-06-03T16:18:20","modified_gmt":"2017-06-03T14:18:20","slug":"domenica-4-giugno-2017-la-vergine-del-pollino-lascia-san-severino-lucano-e-ritorna-sul-monte","status":"publish","type":"post","link":"https:\/\/www.sanseverinolucano.com\/?p=2407","title":{"rendered":"Domenica 4 Giugno 2017 &#8211; La Vergine del Pollino lascia San Severino lucano e ritorna sul monte."},"content":{"rendered":"<p>&nbsp;<\/p>\n<p>Domenica 4 giugno la Madonna di Pollino ritorner\u00e0 sul monte. Dalla stessa data e fino alla seconda domenica di settembre, la statua della Vergine ospiter\u00e0 nella sua dimora estiva migliaia di pellegrini. La statua lascer\u00e0 San Severino Lucano dopo la celebrazione dell\u2019Eucarestia delle 6,00, dopo la sosta nella frazione Mezzana proseguir\u00e0 il cammino fino al monte. ad accompagnare la venerata statua per la prima volta don Antonio Zaccara, novello parroco della cittadina,che guider\u00e0 fedeli e pellegrini lungo il cammino. Il Santuario della Madonna di Pollino \u00e8 un\u2019oasi di spiritualit\u00e0 e tranquillit\u00e0, incastonato nella catena montuosa del monte Pollino, a 1537m s.l.m. , dove tanto il turista quanto il devoto della Vergine, \u00e8 preso dall\u2019incanto del paesaggio stupendamente naturale, immerso in una pace profonda e ricca di suggestive sfumature colorate. Norman Douglas, scrittore inglese in viaggio nel Mezzogiorno d&#8217;Italia nei primi anni del secolo cos\u00ec lo descrive&#8221;&#8230; il tempio solitario sta appollaiato come un nido d&#8217;aquila sull&#8217;orlo di una rupe a piombo sul fiume Frida. Grazie alla posizione e alla altitudine il panorama verso l&#8217;interno \u00e8 splendido, specie verso sera, quando la luce solare si attenua in lontananza e le montagne si rivelano, catena addietro catena, le creste disegnate l&#8217;una contro l&#8217;altra in morbide gradazioni di malva e di verde. Lo scenario si conclude, al fondo, con i grandiosi massicci del Sirino e dell&#8217;Alburno in lontananza\u201d.<\/p>\n<p><a href=\"http:\/\/www.sanseverinolucano.com\/wp-content\/uploads\/2014\/09\/giuseppe1.jpg\"><img loading=\"lazy\" decoding=\"async\" class=\"aligncenter size-full wp-image-1576\" src=\"http:\/\/www.sanseverinolucano.com\/wp-content\/uploads\/2014\/09\/giuseppe1.jpg\" alt=\"giuseppe1\" width=\"960\" height=\"720\" srcset=\"https:\/\/www.sanseverinolucano.com\/wp-content\/uploads\/2014\/09\/giuseppe1.jpg 960w, https:\/\/www.sanseverinolucano.com\/wp-content\/uploads\/2014\/09\/giuseppe1-300x225.jpg 300w\" sizes=\"auto, (max-width: 960px) 100vw, 960px\" \/><\/a>Sull\u2019origine del Santuario di Pollino, che si fa risalire ai primi decenni del 1700, nessun documento scritto si ritrova nell&#8217;Archivio Parrocchiale di San Severino Lucano, n\u00e9 altrove. La tradizione ha sempre raccontato di un&#8217;apparizione della Madonna ad un pastore che, nella montagna di Pollino, conduceva al pascolo il suo gregge. Stupefatto della visione il pastore aveva divulgato la notizia e con il passaparola tutta la popolazione ne era venuta a conoscenza. Una donna di nome Rosa Maria spinta dalla sua salda fede, lasciato a casa il marito malato, in compagnia di sua cognata Vittoria, si rec\u00f2 sul monte. Dopo essersi dissetate grazie a uno zampillo d\u2019acqua che sgorgava da una grossa pietra a forma di conca videro un\u2019entrata che portava all\u2019interno di una grotta dalla quale si sentirono misteriosamente attratte. Le due donne, allora, appena penetrate nell\u2019interno della grotta, si accorsero che in un canto di essa era arnmucchiato del pietrame minuto commisto a terriccio in modo da far sospettare che sotto dovesse essere stata nascosta qualche cosa. Infatti in un grosso panno di lana era avvolta una piccola Statua della SS. Vergine col Bambino, quasi intatta, ma alquanto scolorita e sciupata nei lineamenti.<br \/>\nLa signora Rosa Maria, di ritorno a San Severino, trov\u00f2 il marito completamente guarito. Al racconto della moglie si inginocchi\u00f2 in mezzo alla casa e fece voto di costruire sul Monte Pollino una cappella in onore della Vergine Maria.<\/p>\n<p>ANTONIETTA ZACCARA<\/p>\n<p><span style=\"font-size: 12pt;\">\u00a0<\/span><\/p>\n","protected":false},"excerpt":{"rendered":"<p>&nbsp; Domenica 4 giugno la Madonna di Pollino ritorner\u00e0 sul monte. Dalla stessa data e fino alla seconda domenica di settembre, la statua della Vergine ospiter\u00e0 nella sua dimora estiva migliaia di pellegrini. La statua lascer\u00e0 San Severino Lucano dopo&hellip; <\/p>\n","protected":false},"author":5,"featured_media":0,"comment_status":"open","ping_status":"open","sticky":false,"template":"","format":"standard","meta":{"footnotes":""},"categories":[9],"tags":[],"class_list":["post-2407","post","type-post","status-publish","format-standard","hentry","category-eve"],"_links":{"self":[{"href":"https:\/\/www.sanseverinolucano.com\/index.php?rest_route=\/wp\/v2\/posts\/2407","targetHints":{"allow":["GET"]}}],"collection":[{"href":"https:\/\/www.sanseverinolucano.com\/index.php?rest_route=\/wp\/v2\/posts"}],"about":[{"href":"https:\/\/www.sanseverinolucano.com\/index.php?rest_route=\/wp\/v2\/types\/post"}],"author":[{"embeddable":true,"href":"https:\/\/www.sanseverinolucano.com\/index.php?rest_route=\/wp\/v2\/users\/5"}],"replies":[{"embeddable":true,"href":"https:\/\/www.sanseverinolucano.com\/index.php?rest_route=%2Fwp%2Fv2%2Fcomments&post=2407"}],"version-history":[{"count":4,"href":"https:\/\/www.sanseverinolucano.com\/index.php?rest_route=\/wp\/v2\/posts\/2407\/revisions"}],"predecessor-version":[{"id":2412,"href":"https:\/\/www.sanseverinolucano.com\/index.php?rest_route=\/wp\/v2\/posts\/2407\/revisions\/2412"}],"wp:attachment":[{"href":"https:\/\/www.sanseverinolucano.com\/index.php?rest_route=%2Fwp%2Fv2%2Fmedia&parent=2407"}],"wp:term":[{"taxonomy":"category","embeddable":true,"href":"https:\/\/www.sanseverinolucano.com\/index.php?rest_route=%2Fwp%2Fv2%2Fcategories&post=2407"},{"taxonomy":"post_tag","embeddable":true,"href":"https:\/\/www.sanseverinolucano.com\/index.php?rest_route=%2Fwp%2Fv2%2Ftags&post=2407"}],"curies":[{"name":"wp","href":"https:\/\/api.w.org\/{rel}","templated":true}]}}