{"id":2414,"date":"2017-06-05T11:09:34","date_gmt":"2017-06-05T09:09:34","guid":{"rendered":"http:\/\/www.sanseverinolucano.com\/?p=2414"},"modified":"2017-06-05T11:09:34","modified_gmt":"2017-06-05T09:09:34","slug":"il-sindaco-fiore-domani-6maggio-a-bologna-al-g7-ambiente-per-la-firma-di-un-patto-di-amicizia-per-lo-sviluppo-sostenibile-dellappennino","status":"publish","type":"post","link":"https:\/\/www.sanseverinolucano.com\/?p=2414","title":{"rendered":"IL SINDACO FIORE DOMANI (6MAGGIO) A BOLOGNA AL G7 AMBIENTE PER LA FIRMA DI UN PATTO DI AMICIZIA PER LO SVILUPPO SOSTENIBILE DELL\u2019APPENNINO"},"content":{"rendered":"<p>Un patto di amicizia per uno Sviluppo Sostenibile dell&#8217;Appennino sar\u00e0 siglato marted\u00ec G7 Ambiente di Bologna, alla firma sar\u00e0 presente anche il sindaco di San Severino Lucano, Franco Fiore. A San Severino Lucano il prossimo mese di agosto far\u00e0 tappa l\u2019\u201dAppennino Bike tour\u201d, ossia il ciclo viaggio, in 42 tappe dalla Liguria alla Sicilia, con staffetta istituzionale atta a valorizzare l\u2019Appennino attraverso tutte le sue eccellenze. In risposta alle continue catastrofi che colpiscono l\u2019Appennino i Comuni appenninici uniranno le forze affinch\u00e9 il territorio venga sempre pi\u00f9 considerato e valorizzato. Ad ogni tappa del Bike Tour saranno promossi e valorizzati i luoghi dei territori incontrati, e le sagre e le feste che accoglieranno l\u2019iniziativa. A Bologna l\u2019iniziativa sar\u00e0 presentata alla stampa.<\/p>\n<p>Durante la Conferenza Comuni, Regioni, Associazioni Nazionali ed in generale tutti coloro coinvolti in questa prima edizione del Giro sigleranno insieme al Ministro dell&#8217;Ambiente e della Tutela del Territorio e del Mare, Gian Luca Galletti, un Patto di Amicizia per uno Sviluppo Sostenibile dell&#8217;Appennino.<\/p>\n<p>Il sindaco Fiore soddisfatto per la scelta del suo comune quale territorio di sosta dell\u2019iniziativa naturalmente firmer\u00e0 il patto di amicizia. \u201cil turismo nel nostro paese rappresenta la prima fonte di economia e quindi di sviluppo, abbiamo bisogno di far conoscere sempre di pi\u00f9 le nostre bellezze e peculiarit\u00e0. Oggi pi\u00f9 che mai abbiamo bisogno di portare avanti politiche di Marketing territoriali efficaci e soprattutto valorizzare la nostra offerta turistica in un sistema integrato, \u00e8 dovere di enti e istituzioni fare la parte degli attori principali in questo processo di crescita. Rientrare in un circuito di promozione nazionale credo sia di non poca importanza per San Severino Lucano e per tutti i paesi dell\u2019interland\u201d.<\/p>\n<p>Antonietta Zaccara<\/p>\n","protected":false},"excerpt":{"rendered":"<p>Un patto di amicizia per uno Sviluppo Sostenibile dell&#8217;Appennino sar\u00e0 siglato marted\u00ec G7 Ambiente di Bologna, alla firma sar\u00e0 presente anche il sindaco di San Severino Lucano, Franco Fiore. A San Severino Lucano il prossimo mese di agosto far\u00e0 tappa&hellip; <\/p>\n","protected":false},"author":5,"featured_media":0,"comment_status":"open","ping_status":"open","sticky":false,"template":"","format":"standard","meta":{"footnotes":""},"categories":[6],"tags":[],"class_list":["post-2414","post","type-post","status-publish","format-standard","hentry","category-amb"],"_links":{"self":[{"href":"https:\/\/www.sanseverinolucano.com\/index.php?rest_route=\/wp\/v2\/posts\/2414","targetHints":{"allow":["GET"]}}],"collection":[{"href":"https:\/\/www.sanseverinolucano.com\/index.php?rest_route=\/wp\/v2\/posts"}],"about":[{"href":"https:\/\/www.sanseverinolucano.com\/index.php?rest_route=\/wp\/v2\/types\/post"}],"author":[{"embeddable":true,"href":"https:\/\/www.sanseverinolucano.com\/index.php?rest_route=\/wp\/v2\/users\/5"}],"replies":[{"embeddable":true,"href":"https:\/\/www.sanseverinolucano.com\/index.php?rest_route=%2Fwp%2Fv2%2Fcomments&post=2414"}],"version-history":[{"count":1,"href":"https:\/\/www.sanseverinolucano.com\/index.php?rest_route=\/wp\/v2\/posts\/2414\/revisions"}],"predecessor-version":[{"id":2415,"href":"https:\/\/www.sanseverinolucano.com\/index.php?rest_route=\/wp\/v2\/posts\/2414\/revisions\/2415"}],"wp:attachment":[{"href":"https:\/\/www.sanseverinolucano.com\/index.php?rest_route=%2Fwp%2Fv2%2Fmedia&parent=2414"}],"wp:term":[{"taxonomy":"category","embeddable":true,"href":"https:\/\/www.sanseverinolucano.com\/index.php?rest_route=%2Fwp%2Fv2%2Fcategories&post=2414"},{"taxonomy":"post_tag","embeddable":true,"href":"https:\/\/www.sanseverinolucano.com\/index.php?rest_route=%2Fwp%2Fv2%2Ftags&post=2414"}],"curies":[{"name":"wp","href":"https:\/\/api.w.org\/{rel}","templated":true}]}}