{"id":242,"date":"2011-07-27T14:49:21","date_gmt":"2011-07-27T12:49:21","guid":{"rendered":"http:\/\/www.sanseverinolucano.com\/?p=242"},"modified":"2014-06-15T14:49:39","modified_gmt":"2014-06-15T12:49:39","slug":"preziosa-pubblicazione-di-mimmo-pace-un-vero-inventario-antropologico","status":"publish","type":"post","link":"https:\/\/www.sanseverinolucano.com\/?p=242","title":{"rendered":"Preziosa pubblicazione di Mimmo Pace: un vero inventario antropologico"},"content":{"rendered":"<p>Il mio saluto pi\u00f9 cordiale a Mimmo Pace, esimio collezionista e cultore di storia locale, con i pi\u00f9 sentiti rallegramenti.<br \/>\nE&#8217; stato scritto che un popolo dimentico del passato non pu\u00f2 costruire il suo futuro. Con questo presupposto occorre essere assai riconoscenti a Mimmo Pace che, grazie alla pubblicazione:\u201dPollino, gente-costumi-tradizioni\u201d da lui fatta, con le numerose foto d&#8217;epoca e con opportune didascalie, permette alle comunit\u00e0 che vivono alle falde del massiccio calabro-lucano di ricostruire e riscoprire la propria storia. Un bel tuffo nel passato, onde si colgono aspetti e situazioni che hanno segnato il cammino delle nostre comunit\u00e0 nelle loro alterne vicende; si rivedono altres\u00ec persone care di un tempo ormai remoto, ambienti rurali, bucolici e di paese, scene agro-pastorali. Con questa ricca documentazione iconografica si vuole far rivivere \u2013 lo ribadiamo ancora una volta \u2013 agli anziani momenti di vita vissuta; far conoscere ai giovani il passato piuttosto tribolato dei nostri nonni e bisnonni.<br \/>\nLa fotografia \u00e8 parte della nostra cultura, \u00e8 l&#8217;occhio del nostro mondo, dei nostri momenti di gioia e di buio. Ogni momento importante ha una sua immagine emblematica, nella nostra vita privata, nella vita delle nostre comunit\u00e0. La fotografia \u00e8 documentazione, \u00e8 informazione, \u00e8 denuncia e celebrazione. Torna alla memoria la frase di Berenice Abbott:\u201dLa fotografia \u00e8 il grande medium dei pi\u00f9 e per i pi\u00f9\u201d. Nell&#8217;azione di salvataggio e di recupero della cultura passata, bisogna aver di mira di raccogliere tutto quello che fu il veicolo attraverso cui essa si manifest\u00f2\u201d.<br \/>\nOsserva bene Luigi Troccoli:\u201dLe foto di questo libro vanno \u201clette\u201d con la consapevolezza che, attraverso esse, traspare con il linguaggio proprio di questo mezzo espressivo un mondo che \u00e8 svanito, fluidificato rapidamente negli ultimi anni ed assorbito nelle spire del tempo&#8230; Grazie a Mimmo Pace che ce le restituisce in una silloge ampia, vestigia di un&#8217;epoca che risale, si, agli anni del secolo scorso in cui l&#8217;obiettivo centrava gli eventi coevi; ma soggetti e ambienti sono quelli che, in una sorta di campo lungo proiettato nel tempo, agivano ed erano tali anche in epoche pi\u00f9 remote. La civilt\u00e0 contadina \u00e8 da definirsi zoccolo duro della tradizione millenaria che ha fatto da scudo a difesa di un costume di vita, che oggi tende a decadere perch\u00e8 privo di valori.<br \/>\nSarebbe opportuno che si istituisse, in ogni comune, il museo della civilt\u00e0 contadina, allo scopo di tutelare le radici di una civilt\u00e0 in profonda crisi di valori. Occorrerebbe istituzionalizzare l&#8217;itinerario delle esperienze vissute dai nostri antenati prevalentemente a vocazione contadina, ad esempio: l&#8217;allevamento, la lavorazione del latte, la fienagione, la coltivazione dei campi, la raccolta del grano, la produzione del vino, la produzione dell&#8217;olio; la variet\u00e0 dei mezzi di trasporto; le tipologie e l&#8217;organizzazione della casa rurale; gli utensili da cucina, le forme e gli utensili del focolare; i mezzi di riscaldamento e di illuminazione; le principali attivit\u00e0 casalinghe (la preparazione del pane, i procedimenti e gli utensili del bucato, la lavorazione della lana, la filatura e la tessitura) costituiscono sul piano storico la chiave di lettura della civilt\u00e0 di un popolo antico, il nostro.<br \/>\nIl presente appuntamento o manifestazione \u00e8 un momento di aggregazione e di amicizia oltre il significato culturale, un momento importante per mettere a confronto le nostre realt\u00e0 locali ed arricchirsi vicendevolmente della conoscenza di un patrimonio culturale da poter trasmettere alle generazioni future che, per certi versi, non conoscono. Prendiamo a cuore le tradizioni popolari che rappresentano, se opportunamente rivalutate a livello nazionale ed internazionale, il volano di sviluppo di una intera zona, sana moralmente e civilmente ricca.<br \/>\nDi nuovo congratulazioni, caro Mimmo, per la passione, lo zelo e il sacrificio che hai posto nelle ricerche e nella redazione dell&#8217;opera che ben si inserisce in un itinerario di civilt\u00e0 autentica nonch\u00e9 di sublimazione della humanitas.<\/p>\n<p><strong>Don Camillo Perrone<\/strong>, Parroco emerito di San Severino Lucano<\/p>\n","protected":false},"excerpt":{"rendered":"<p>Il mio saluto pi\u00f9 cordiale a Mimmo Pace, esimio collezionista e cultore di storia locale, con i pi\u00f9 sentiti rallegramenti. E&#8217; stato scritto che un popolo dimentico del passato non pu\u00f2 costruire il suo futuro. Con questo presupposto occorre essere&hellip; <\/p>\n","protected":false},"author":3,"featured_media":0,"comment_status":"closed","ping_status":"open","sticky":false,"template":"","format":"standard","meta":{"footnotes":""},"categories":[4],"tags":[],"class_list":["post-242","post","type-post","status-publish","format-standard","hentry","category-cult"],"_links":{"self":[{"href":"https:\/\/www.sanseverinolucano.com\/index.php?rest_route=\/wp\/v2\/posts\/242","targetHints":{"allow":["GET"]}}],"collection":[{"href":"https:\/\/www.sanseverinolucano.com\/index.php?rest_route=\/wp\/v2\/posts"}],"about":[{"href":"https:\/\/www.sanseverinolucano.com\/index.php?rest_route=\/wp\/v2\/types\/post"}],"author":[{"embeddable":true,"href":"https:\/\/www.sanseverinolucano.com\/index.php?rest_route=\/wp\/v2\/users\/3"}],"replies":[{"embeddable":true,"href":"https:\/\/www.sanseverinolucano.com\/index.php?rest_route=%2Fwp%2Fv2%2Fcomments&post=242"}],"version-history":[{"count":1,"href":"https:\/\/www.sanseverinolucano.com\/index.php?rest_route=\/wp\/v2\/posts\/242\/revisions"}],"predecessor-version":[{"id":243,"href":"https:\/\/www.sanseverinolucano.com\/index.php?rest_route=\/wp\/v2\/posts\/242\/revisions\/243"}],"wp:attachment":[{"href":"https:\/\/www.sanseverinolucano.com\/index.php?rest_route=%2Fwp%2Fv2%2Fmedia&parent=242"}],"wp:term":[{"taxonomy":"category","embeddable":true,"href":"https:\/\/www.sanseverinolucano.com\/index.php?rest_route=%2Fwp%2Fv2%2Fcategories&post=242"},{"taxonomy":"post_tag","embeddable":true,"href":"https:\/\/www.sanseverinolucano.com\/index.php?rest_route=%2Fwp%2Fv2%2Ftags&post=242"}],"curies":[{"name":"wp","href":"https:\/\/api.w.org\/{rel}","templated":true}]}}