{"id":244,"date":"2011-06-27T14:50:21","date_gmt":"2011-06-27T12:50:21","guid":{"rendered":"http:\/\/www.sanseverinolucano.com\/?p=244"},"modified":"2014-06-15T14:50:39","modified_gmt":"2014-06-15T12:50:39","slug":"emergenza-del-fatto-educativo","status":"publish","type":"post","link":"https:\/\/www.sanseverinolucano.com\/?p=244","title":{"rendered":"Emergenza del fatto educativo"},"content":{"rendered":"<p><span style=\"color: #000000\">In seguito alla caduta delle ideologie totalizzanti e delle grandi utopie di liberazione storica, sono sorte nuove forme di relativismo, di indifferenza diffusa per le domande pi\u00f9 radicali, senso del provvisorio, frammentazione del sapere e delle esperienze, da cui deriva un vero e proprio smarrimento, nel contesto di una societ\u00e0 multimediale. Crisi? Senz&#8217;altro! Ne sentono\u00a0 le problematiche i giovani, le famiglie, la societ\u00e0 e la Chiesa. E&#8217; sfida di vita: ossia una sfida che \u00e8 in sintesi matrice di tante altre; non riguarda solo questo o quell&#8217;aspetto dell&#8217;esistenza; vengono mutilate e immiserite le basi profonde dell&#8217;essere e dell&#8217;agire. Ma &lt;&lt;crisi&gt;&gt;\u00a0 non significa sconfitta. I giovani sono alla ricerca di senso, bramano scoprire il segreto dell&#8217;esistenza, vorrebbero penetrarne il mistero. Quale mistero? Quello dell&#8217;uomo: chi \u00e8, dove va, che missione porta con s\u00e9? I giovani oggi non trovano il vero modello su cui fissare lo sguardo; vivono all&#8217;oscuro, senza la luce del sole; si smarriscono dietro piccole stelle cadenti. Anelano alla verit\u00e0. Ormai non si lasciano ingannare dalle ideologie; non si accontentano di surrogati, anche se ne gustano il sapore. Bramano incontrare il Profeta del Mistero, il Maestro che sa tutto dell&#8217;uomo, Colui che \u00e8 egli stesso l&#8217;Uomo nuovo. <\/span><br \/>\n<span style=\"color: #000000\">Urge allora una nuova evangelizzazione. Occorre che le nostre comunit\u00e0 coltivino costanti rapporti intersoggettivi di comunione ecclesiale e di solidariet\u00e0 civile, impegnandosi a inserire il fermento evangelico nelle strutture e nelle istituzioni.<\/span><br \/>\n<span style=\"color: #000000\">Ci vuole una nuova immagine di parrocchia. Questa non pu\u00f2 ridursi al solo culto, e tantomeno all&#8217;adempimento burocratico delle varie pratiche. Innanzitutto deve porsi come soggetto sociale nell&#8217;attivit\u00e0 pastorale: soggetto solidale, nello stesso tempo, di una catechesi permanente e integrale \u2013 rivolta a tutti e in particolare ai giovani e agli adulti \u2013 di una celebrazione liturgica viva e partecipata, di una testimonianza di servizio fraterno di carit\u00e0, attenta e operosa (cf\u00a0 Ev. e Test. di carit\u00e0, n. 28); deve\u00a0 anche fortemente incidere sul tessuto della societ\u00e0; deve far passare la gente dal soggettivismo degli interessi egoistici alla consapevolezza e responsabilit\u00e0 proprie\u00a0 di un popolo che vuole farsi soggetto costruttivo del suo nuovo futuro.<\/span><br \/>\n<span style=\"color: #000000\">Le contraddizioni che segnano la nostra societ\u00e0 sono vissute con una carica intensa nel mondo dei giovani: il fascino della societ\u00e0 dei consumi li rende prigionieri di una visuale egoistica ed edonista dell&#8217;esistenza; per\u00f2 gli stessi giovani sono portatori di autentici ideali che si affacciano alla ribalta della storia ed allora nella nostra societ\u00e0 contemporanea, cos\u00ec contraddittoria, cos\u00ec frastornante, cos\u00ec frustrante, occorrono punti sicuri (non monolitici) cui aggrapparsi per formarsi un carattere e una coscienza morale e la formulazione di valide ipotesi e strategie formative, per poi agire di conseguenza. Per i giovani, soprattutto, bisogna sapere individuare strutture e contenuti idonei alle loro dinamiche, in base ad una visione pedagogica non epidermica e non legata alle facili suggestioni delle mode.<\/span><br \/>\n<span style=\"color: #000000\">Occorre educare i giovani al senso di responsabilit\u00e0, favorirne lo spirito di iniziativa; far si che acquistino un carattere che escluda ogni forma di ipocrisia e di palese o larvata ingiustizia. Quindi vale molto l&#8217;esempio degli adulti, la forza della testimonianza. Restiamo convinti che il processo educativo non sia esclusivo della sola famiglia, ma che la scuola, gli oratori, le parrocchie, le associazioni, i movimenti e tutti gli spazi della cultura e della socialit\u00e0 debbano, in sinergia, contribuire alla formazione della cittadinanza. Le agenzie educative, in conclusione, devono essere per i giovani luoghi educativi che valorizzano tutte le dimensioni della vita, rispondendo cos\u00ec al loro bisogno di senso e di felicit\u00e0. <\/span><\/p>\n<p><span style=\"color: #000000\"><strong>Don Camillo Perrone<\/strong>, Parroco emerito di San Severino Lucano<\/span><\/p>\n","protected":false},"excerpt":{"rendered":"<p>In seguito alla caduta delle ideologie totalizzanti e delle grandi utopie di liberazione storica, sono sorte nuove forme di relativismo, di indifferenza diffusa per le domande pi\u00f9 radicali, senso del provvisorio, frammentazione del sapere e delle esperienze, da cui deriva&hellip; <\/p>\n","protected":false},"author":3,"featured_media":0,"comment_status":"closed","ping_status":"open","sticky":false,"template":"","format":"standard","meta":{"footnotes":""},"categories":[4],"tags":[],"class_list":["post-244","post","type-post","status-publish","format-standard","hentry","category-cult"],"_links":{"self":[{"href":"https:\/\/www.sanseverinolucano.com\/index.php?rest_route=\/wp\/v2\/posts\/244","targetHints":{"allow":["GET"]}}],"collection":[{"href":"https:\/\/www.sanseverinolucano.com\/index.php?rest_route=\/wp\/v2\/posts"}],"about":[{"href":"https:\/\/www.sanseverinolucano.com\/index.php?rest_route=\/wp\/v2\/types\/post"}],"author":[{"embeddable":true,"href":"https:\/\/www.sanseverinolucano.com\/index.php?rest_route=\/wp\/v2\/users\/3"}],"replies":[{"embeddable":true,"href":"https:\/\/www.sanseverinolucano.com\/index.php?rest_route=%2Fwp%2Fv2%2Fcomments&post=244"}],"version-history":[{"count":1,"href":"https:\/\/www.sanseverinolucano.com\/index.php?rest_route=\/wp\/v2\/posts\/244\/revisions"}],"predecessor-version":[{"id":246,"href":"https:\/\/www.sanseverinolucano.com\/index.php?rest_route=\/wp\/v2\/posts\/244\/revisions\/246"}],"wp:attachment":[{"href":"https:\/\/www.sanseverinolucano.com\/index.php?rest_route=%2Fwp%2Fv2%2Fmedia&parent=244"}],"wp:term":[{"taxonomy":"category","embeddable":true,"href":"https:\/\/www.sanseverinolucano.com\/index.php?rest_route=%2Fwp%2Fv2%2Fcategories&post=244"},{"taxonomy":"post_tag","embeddable":true,"href":"https:\/\/www.sanseverinolucano.com\/index.php?rest_route=%2Fwp%2Fv2%2Ftags&post=244"}],"curies":[{"name":"wp","href":"https:\/\/api.w.org\/{rel}","templated":true}]}}