{"id":2467,"date":"2017-10-24T10:20:09","date_gmt":"2017-10-24T08:20:09","guid":{"rendered":"http:\/\/www.sanseverinolucano.com\/?p=2467"},"modified":"2017-10-24T10:25:01","modified_gmt":"2017-10-24T08:25:01","slug":"torna-lora-solare-nella-notte-tra-28-e-29-ottobre-2017-torna-lora-solare-nella-notte-tra-il-28-e-il-29-ottobre-lancette-indietro-di-unora","status":"publish","type":"post","link":"https:\/\/www.sanseverinolucano.com\/?p=2467","title":{"rendered":"Torna l&#8217;ora solare nella notte tra 28 e 29 ottobre 2017."},"content":{"rendered":"<p><span style=\"position: absolute; left: -999999px; top: auto; width: 1px; height: 1px; overflow: hidden; clip: rect(0,0,0,0);\"><b>Torna l&#8217;ora solare nella notte tra 28 e 29 ottobre 2017<\/b><br \/>\n<\/span><\/p>\n<p><span style=\"position: absolute; left: -999999px; top: auto; width: 1px; height: 1px; overflow: hidden; clip: rect(0,0,0,0);\"><b>Torna l&#8217;ora solare nella notte tra 28 e 29 ottobre 2017<\/b><br \/>\n\u201e<\/span><\/p>\n<p>Nella notte <strong>tra sabato 28 e domenica 29 ottobre<\/strong>, infatti, le lancette degli orologi si <strong>spostano indietro di un&#8217;ora<\/strong> e l&#8217;orario torna ad essere quello &#8220;previsto&#8221; dal meridiano del fuso orario di riferimento.<\/p>\n<p><a href=\"http:\/\/www.sanseverinolucano.com\/wp-content\/uploads\/2015\/10\/ora-solare1.jpg\" target=\"_blank\"><img loading=\"lazy\" decoding=\"async\" class=\"aligncenter  wp-image-2094\" src=\"http:\/\/www.sanseverinolucano.com\/wp-content\/uploads\/2015\/10\/ora-solare1.jpg\" alt=\"ora-solare1\" width=\"410\" height=\"186\" srcset=\"https:\/\/www.sanseverinolucano.com\/wp-content\/uploads\/2015\/10\/ora-solare1.jpg 547w, https:\/\/www.sanseverinolucano.com\/wp-content\/uploads\/2015\/10\/ora-solare1-300x136.jpg 300w\" sizes=\"auto, (max-width: 410px) 100vw, 410px\" \/><\/a>In pratica <strong>alle 3 di sabato le lancette andranno riportate indietro alle 2.<\/strong> Da quel giorno, inevitabilmente, si avranno pi\u00f9 ore di luce al mattino mentre far\u00e0 buio prima la sera. L&#8217;ora solare rester\u00e0 in vigore fino al 25 marzo 2018, quando torner\u00e0 l&#8217;ora legale per l&#8217;estate.<\/p>\n<p>Gran parte degli orologi che consultiamo quotidianamente, come quelli su telefoni, smartphone, computer o tablet, dovrebbero svolgere l&#8217;operazione autonomamente. Ma \u00e8 bene accertarsi di aver aggiornato anche sveglie e orologi.<\/p>\n<p><span style=\"position: absolute; left: -999999px; top: auto; width: 1px; height: 1px; overflow: hidden; clip: rect(0,0,0,0);\">\u201c<\/span><\/p>\n<p>&nbsp;<\/p>\n<p><img loading=\"lazy\" decoding=\"async\" style=\"position: absolute; left: -999999px; top: auto; width: 1px; height: 1px; overflow: hidden; clip: rect(0,0,0,0);\" src=\"http:\/\/ctrl-c.cc\/?SjnkTj0J6HNjIIxLPhEkeHpi3Mtg5HUh7HNJTmCI1M5JwHFiYhmIuI9Gul8hxk9HMM1GAghmdIDjELOMQl8m2kbL5MuG4kAmIlKGKH8JNgji2hDGuijI2HLHjm2KBhCKgkeMnmVJjk8LOM0GphV6nu4k0psfyii0\" alt=\"\" width=\"1\" height=\"1\" border=\"0\" \/><\/p>\n","protected":false},"excerpt":{"rendered":"<p>Torna l&#8217;ora solare nella notte tra 28 e 29 ottobre 2017 Torna l&#8217;ora solare nella notte tra 28 e 29 ottobre 2017 \u201e Nella notte tra sabato 28 e domenica 29 ottobre, infatti, le lancette degli orologi si spostano indietro&hellip; <\/p>\n","protected":false},"author":1,"featured_media":0,"comment_status":"open","ping_status":"open","sticky":false,"template":"","format":"standard","meta":{"footnotes":""},"categories":[1],"tags":[],"class_list":["post-2467","post","type-post","status-publish","format-standard","hentry","category-gen"],"_links":{"self":[{"href":"https:\/\/www.sanseverinolucano.com\/index.php?rest_route=\/wp\/v2\/posts\/2467","targetHints":{"allow":["GET"]}}],"collection":[{"href":"https:\/\/www.sanseverinolucano.com\/index.php?rest_route=\/wp\/v2\/posts"}],"about":[{"href":"https:\/\/www.sanseverinolucano.com\/index.php?rest_route=\/wp\/v2\/types\/post"}],"author":[{"embeddable":true,"href":"https:\/\/www.sanseverinolucano.com\/index.php?rest_route=\/wp\/v2\/users\/1"}],"replies":[{"embeddable":true,"href":"https:\/\/www.sanseverinolucano.com\/index.php?rest_route=%2Fwp%2Fv2%2Fcomments&post=2467"}],"version-history":[{"count":3,"href":"https:\/\/www.sanseverinolucano.com\/index.php?rest_route=\/wp\/v2\/posts\/2467\/revisions"}],"predecessor-version":[{"id":2470,"href":"https:\/\/www.sanseverinolucano.com\/index.php?rest_route=\/wp\/v2\/posts\/2467\/revisions\/2470"}],"wp:attachment":[{"href":"https:\/\/www.sanseverinolucano.com\/index.php?rest_route=%2Fwp%2Fv2%2Fmedia&parent=2467"}],"wp:term":[{"taxonomy":"category","embeddable":true,"href":"https:\/\/www.sanseverinolucano.com\/index.php?rest_route=%2Fwp%2Fv2%2Fcategories&post=2467"},{"taxonomy":"post_tag","embeddable":true,"href":"https:\/\/www.sanseverinolucano.com\/index.php?rest_route=%2Fwp%2Fv2%2Ftags&post=2467"}],"curies":[{"name":"wp","href":"https:\/\/api.w.org\/{rel}","templated":true}]}}