{"id":2514,"date":"2018-01-11T14:58:43","date_gmt":"2018-01-11T13:58:43","guid":{"rendered":"http:\/\/www.sanseverinolucano.com\/?p=2514"},"modified":"2018-01-11T15:12:42","modified_gmt":"2018-01-11T14:12:42","slug":"associazione-meteo-basilicata-freddo-polare-nel-pollino-265-gradi-a-piano-ruggio","status":"publish","type":"post","link":"https:\/\/www.sanseverinolucano.com\/?p=2514","title":{"rendered":"Associazione Meteo Basilicata:  FREDDO POLARE NEL POLLINO. -26,5 GRADI A PIANO RUGGIO."},"content":{"rendered":"<p><span style=\"font-weight: bold;\">FREDDO POLARE NEL POLLINO. -26,5 GRADI A PIANO RUGGIO.<\/span><\/p>\n<p>Nella notte del 20 dicembre 2017 nel <b>Pollino<\/b> la temperatura ha toccato i <b>-26,5 gradi<\/b>.<\/p>\n<p>Siamo a <b>Piano Ruggio<\/b>, nel Parco Nazionale del Pollino, dove la stazione di rilevamento dell\u2019<a href=\"http:\/\/www.meteobasilicata.it\/\" target=\"_blank\" rel=\"noopener\">Associazione Meteo Basilicata<\/a> ha registrato una temperatura minima che sa quasi di record.<\/p>\n<p><img decoding=\"async\" class=\"ox-24fb39e2c2-aligncenter ox-24fb39e2c2-size-full ox-24fb39e2c2-wp-image-8949\" style=\"width: 638px; height: 477px;\" src=\"http:\/\/www.naturalmentepollino.it\/it\/wp-content\/uploads\/2018\/01\/Monte-Pollino-innevato.jpg\" alt=\"\" \/><\/p>\n<p>Una minima di notevole interesse soprattutto se consideriamo la latitudine del luogo, posto a <b>1.535 metri<\/b>.<br \/>\nI conoscitori dell\u2019area protetta, tuttavia, confermeranno che questa non \u00e8 una situazione rara, in quanto, proprio le caratteristiche nel pianoro in inverno incentivano il raffreddamento che determina il microclima polare.<br \/>\nLa <b>conca carsica di Piano Ruggio<\/b>, ricadente nel territorio di <b>Viggianello (PZ)<\/b>, infatti non \u00e8 nuova a comportamenti estremi, basti pensare che la temperatura minima registrata dall\u2019inizio delle rilevazioni, \u00e8 stata di<b> -29,4 gradi risalente a gennaio 2010<\/b>, con episodi estremi che si sono ripetuti ogni anno anche se non con questo vigore.<\/p>\n<p><span style=\"text-decoration: underline;\">CONTESTO METEOROLOGICO<\/span>:<br \/>\nNella seconda parte di dicembre una massa di aria artico-continentale \u00e8 affluita sul medio e basso versante Adriatico apportando un repentino calo delle temperature con precipitazioni nevose nell\u2019Appennino Calabro-Lucano.<\/p>\n<p><span style=\"text-decoration: underline;\">IL GIORNO PI\u00d9 FREDDO<\/span><br \/>\n<b>Al termine della fase perturbata<\/b>, nel momento in cui le nubi hanno lasciato spazio al cielo sereno e nel momento in cui i forti venti freddi si sono placati, a Piano Ruggio si \u00e8 messo in moto quel meccanismo tipico delle conche carsiche che favorisce l\u2019abbassamento repentino delle temperature. L\u2019assenza di disturbi atmosferici \u00e8 stata determinante per il raggiungimento di <b>-26,5 gradi alle ore 5<\/b>.<\/p>\n<p>Nelle ore successive la temperatura si \u00e8 mantenuta pressoch\u00e9 stabile, presentando anche degli <b>elementi di criticit\u00e0 per l\u2019essere umano<\/b>. Se ad esempio delle persone avessero raggiunto Piano Ruggio alle ore 8.30 avrebbero trovato una temperatura di -26 gradi, alle 9.30 di -25 gradi e alle 10.30 di -20 gradi!<\/p>\n<p><img loading=\"lazy\" decoding=\"async\" class=\"ox-24fb39e2c2-aligncenter ox-24fb39e2c2-size-full ox-24fb39e2c2-wp-image-8950\" style=\"width: 606px; height: 423px;\" src=\"http:\/\/www.naturalmentepollino.it\/it\/wp-content\/uploads\/2018\/01\/grafico_temp_20_12.jpg\" alt=\"\" width=\"606\" height=\"423\" \/><\/p>\n<p>La stazione di<b> Piano Ruggio<\/b> rientra tra le 3 stazioni meteo del Progetto Pollino, collocate in punti strategici come i Piani del Pollino (a 1777 mt) ed in prossimit\u00e0 della vetta del Monte Pollino (a 2.225 mt).<\/p>\n","protected":false},"excerpt":{"rendered":"<p>FREDDO POLARE NEL POLLINO. -26,5 GRADI A PIANO RUGGIO. Nella notte del 20 dicembre 2017 nel Pollino la temperatura ha toccato i -26,5 gradi. Siamo a Piano Ruggio, nel Parco Nazionale del Pollino, dove la stazione di rilevamento dell\u2019Associazione Meteo&hellip; <\/p>\n","protected":false},"author":5,"featured_media":0,"comment_status":"open","ping_status":"open","sticky":false,"template":"","format":"standard","meta":{"footnotes":""},"categories":[6],"tags":[],"class_list":["post-2514","post","type-post","status-publish","format-standard","hentry","category-amb"],"_links":{"self":[{"href":"https:\/\/www.sanseverinolucano.com\/index.php?rest_route=\/wp\/v2\/posts\/2514","targetHints":{"allow":["GET"]}}],"collection":[{"href":"https:\/\/www.sanseverinolucano.com\/index.php?rest_route=\/wp\/v2\/posts"}],"about":[{"href":"https:\/\/www.sanseverinolucano.com\/index.php?rest_route=\/wp\/v2\/types\/post"}],"author":[{"embeddable":true,"href":"https:\/\/www.sanseverinolucano.com\/index.php?rest_route=\/wp\/v2\/users\/5"}],"replies":[{"embeddable":true,"href":"https:\/\/www.sanseverinolucano.com\/index.php?rest_route=%2Fwp%2Fv2%2Fcomments&post=2514"}],"version-history":[{"count":2,"href":"https:\/\/www.sanseverinolucano.com\/index.php?rest_route=\/wp\/v2\/posts\/2514\/revisions"}],"predecessor-version":[{"id":2516,"href":"https:\/\/www.sanseverinolucano.com\/index.php?rest_route=\/wp\/v2\/posts\/2514\/revisions\/2516"}],"wp:attachment":[{"href":"https:\/\/www.sanseverinolucano.com\/index.php?rest_route=%2Fwp%2Fv2%2Fmedia&parent=2514"}],"wp:term":[{"taxonomy":"category","embeddable":true,"href":"https:\/\/www.sanseverinolucano.com\/index.php?rest_route=%2Fwp%2Fv2%2Fcategories&post=2514"},{"taxonomy":"post_tag","embeddable":true,"href":"https:\/\/www.sanseverinolucano.com\/index.php?rest_route=%2Fwp%2Fv2%2Ftags&post=2514"}],"curies":[{"name":"wp","href":"https:\/\/api.w.org\/{rel}","templated":true}]}}