{"id":3231,"date":"2020-05-06T11:16:48","date_gmt":"2020-05-06T09:16:48","guid":{"rendered":"http:\/\/www.sanseverinolucano.com\/?p=3231"},"modified":"2020-05-06T11:35:19","modified_gmt":"2020-05-06T09:35:19","slug":"un-belvedere-sulla-centrale-del-frido-a-rischio-il-paesaggio-delle-gole-del-frido-e-del-romitorio-del-beato-giovanni-da-caramola","status":"publish","type":"post","link":"https:\/\/www.sanseverinolucano.com\/?p=3231","title":{"rendered":"Un \u201cbelvedere\u201d sulla centrale idroelettrica: a rischio il paesaggio delle Gole del Frido e del Romitorio del Beato Giovanni da Caramola"},"content":{"rendered":"<p>Nel versante lucano del Parco del Pollino, uno dei luoghi pi\u00f9 spettacolari dal punto di vista paesaggistico \u00e8 diventato da qualche anno il Romitorio del Beato Giovanni da Caramola nella localit\u00e0 Rimiti (\u00a0<a href=\"https:\/\/associazionexerospotamos.wordpress.com\/eremo-del-beato-giovanni\/\">https:\/\/associazionexerospotamos.wordpress.com\/eremo-del-beato-giovanni\/<\/a>\u00a0); i ruderi sono stati restaurati e nei pressi \u00e8 stato realizzato dal Comune di Chiaromonte un Belvedere di eccezionale valore per lo scenario che vi si pu\u00f2 ammirare, un mix di paesaggio, ambiente e biodiversit\u00e0 intatti, ormai difficile da trovare nelle nostre regioni.<\/p>\n<p>Ebbene, non solo questo scenario sar\u00e0 attraversato dal percorso della condotta forzata, ma addirittura la centrale idroelettrica dovr\u00e0 sorgere proprio al di l\u00e0 del Frido, cinquanta metri di fronte al Belvedere del Romitorio! Qui, sulla base della relazione progettuale, \u00a0caler\u00e0 una colata di cemento rappresentata dall\u2019edificio della centrale \u00a0(un edificio in cemento armato di dimensioni pari a 14,9m x 11 m ed una altezza di 6,23 mt), sfregiando cos\u00ec un luogo naturalistico di eccezionale valore ambientale, se pensiamo solo all\u2019ambiente wilderness delle Gole. Un sito che ancora si pu\u00f2 salvare, visto che i lavori del 2017 hanno interessato per un chilometro \u00a0il tratto del Frido pi\u00f9 a monte, che corre tra Falascoso e il paese di San Severino Lucano.<\/p>\n<p>Per il suo valore paesaggistico-ambientale, storico, archeologico e religioso quest\u2019area dovrebbe essere tutelata al massimo grado, anche per il valore che potr\u00e0 avere come attrattiva turistica, se opportunamente pubblicizzata.<\/p>\n<p>Inoltre cosa succeder\u00e0 al &#8220;Sentiero esistente&#8221; alla &#8220;Strada interpoderale&#8221; di cui si parla nella relazione, soprattutto tenendo conto del fatto che il primo corre a mezza costa delle spettacolari Gole del Frido da Ballarano in poi, e la seconda scende di quota fino al sito della centrale attraversando la splendida area intatta del Codicino? Anche l\u00ec vedremo sbancamenti di tipo autostradale che sfregeranno irrimediabilmente il prezioso paesaggio integro e selvaggio dell\u2019area? Non dimentichiamo che a quota 650 m va realizzata la vasca di carico di 27&#215;15 m e 6 di profondit\u00e0, proprio al centro dell\u2019area, sul margine delle Gole del Frido.<\/p>\n<p>Sembrano ironiche le righe evidenziate nella Relazione progettuale, cui si dice testualmente che tra gli obiettivi del progetto ci sono anche:<\/p>\n<p>&#8211;\u00a0<em>l\u2019affermazione della valutazione d\u2019impatto ambientale come metodo\u2026 a garanzia dell\u2019ambiente e della salute<\/em> (si \u00e8 visto come \u00e8 stato trattato l\u2019ambiente fluviale in Zona 1 dove erano iniziati i lavori, bloccati nel 2017);<\/p>\n<p>&#8211;\u00a0<em>la partecipazione attiva dei cittadini nel processo decisionale<\/em>; (e chi ha mai saputo niente riguardo l\u2019inizio dei lavori, basta chiedere ai cittadini proprietari delle aree limitrofe al tracciato, che si sono visti tagliare e ruspare alberi e terre senza neanche essere avvertiti);<\/p>\n<p>&#8211;\u00a0<em>la trasparenza delle procedure<\/em> (nel 2017 l\u2019impresa aveva iniziato il tutto, devastazioni comprese, senza neanche aver perfezionato le procedure di esproprio);<\/p>\n<p>Per concludere, la realizzazione della centrale del Frido sar\u00e0 un disastro anche e soprattutto per l\u2019area delle Gole e del Romitorio del Beato Giovanni da Caramola, ricadente nel comune di Chiaromonte. Non servono tante parole, basta osservare le foto dei siti ancora integri \u00a0elaborate da Giorgio Braschi per rendersi conto della follia di questo progetto. Altro che centrale idroelettrica, le Gole basse del Frido \u00a0meriterebbero di essere inserite in un\u2019Area Wilderness ufficialmente istituita dai comuni interessati. I sindaci, l\u2019Ente Parco e i vertici regionali sono sempre in tempo per bloccare questo scempio irrimediabile per l\u2019ambiente e il turismo del Parco; che si ascoltino le richieste della societ\u00e0 civile, di cittadini e associazioni e non la voce interessata di pochi speculatori, il cui interesse \u00e8 solo il profitto e non il bene comune.<\/p>\n<p><strong>Saverio De Marco<\/strong><\/p>\n<p>Presidente Gruppo Lupi San Severino Lucano<\/p>\n<p>Delegato regionale AIW (Associazione Italiana Wilderness)<\/p>\n<p>Guida Ambientale Escursionistica<\/p>\n<p>&nbsp;<\/p>\n<p>Foto di Giorgio Braschi<\/p>\n<p><a href=\"http:\/\/www.sanseverinolucano.com\/wp-content\/uploads\/2020\/05\/ph-200302-104504-Belvedere-del-Romitorio-el-elr.jpg\"><img loading=\"lazy\" decoding=\"async\" class=\"wp-image-3234 size-full alignnone\" src=\"http:\/\/www.sanseverinolucano.com\/wp-content\/uploads\/2020\/05\/ph-200302-104504-Belvedere-del-Romitorio-el-elr.jpg\" alt=\"ph 200302 104504 Belvedere del Romitorio el elr\" width=\"3118\" height=\"1516\" srcset=\"https:\/\/www.sanseverinolucano.com\/wp-content\/uploads\/2020\/05\/ph-200302-104504-Belvedere-del-Romitorio-el-elr.jpg 3118w, https:\/\/www.sanseverinolucano.com\/wp-content\/uploads\/2020\/05\/ph-200302-104504-Belvedere-del-Romitorio-el-elr-300x145.jpg 300w, https:\/\/www.sanseverinolucano.com\/wp-content\/uploads\/2020\/05\/ph-200302-104504-Belvedere-del-Romitorio-el-elr-1024x497.jpg 1024w\" sizes=\"auto, (max-width: 3118px) 100vw, 3118px\" \/><\/a><\/p>\n<p><a href=\"http:\/\/www.sanseverinolucano.com\/wp-content\/uploads\/2020\/05\/ph-200302-1129-15-16-Sito-Centrale-dal-Romitorio-erid.jpg\"><img loading=\"lazy\" decoding=\"async\" class=\"alignnone wp-image-3232 size-large\" src=\"http:\/\/www.sanseverinolucano.com\/wp-content\/uploads\/2020\/05\/ph-200302-1129-15-16-Sito-Centrale-dal-Romitorio-erid-1024x522.jpg\" alt=\"ph 200302 1129 15-16 Sito Centrale dal Romitorio erid\" width=\"700\" height=\"356\" srcset=\"https:\/\/www.sanseverinolucano.com\/wp-content\/uploads\/2020\/05\/ph-200302-1129-15-16-Sito-Centrale-dal-Romitorio-erid-1024x522.jpg 1024w, https:\/\/www.sanseverinolucano.com\/wp-content\/uploads\/2020\/05\/ph-200302-1129-15-16-Sito-Centrale-dal-Romitorio-erid-300x153.jpg 300w\" sizes=\"auto, (max-width: 700px) 100vw, 700px\" \/><\/a><\/p>\n<p><a href=\"http:\/\/www.sanseverinolucano.com\/wp-content\/uploads\/2020\/05\/ph-200302-104046-Belvedere-del-Romitorio-elr.jpg\"><img loading=\"lazy\" decoding=\"async\" class=\"alignnone wp-image-3233 size-large\" src=\"http:\/\/www.sanseverinolucano.com\/wp-content\/uploads\/2020\/05\/ph-200302-104046-Belvedere-del-Romitorio-elr-1024x497.jpg\" alt=\"ph 200302 104046 Belvedere del Romitorio elr\" width=\"700\" height=\"339\" srcset=\"https:\/\/www.sanseverinolucano.com\/wp-content\/uploads\/2020\/05\/ph-200302-104046-Belvedere-del-Romitorio-elr-1024x497.jpg 1024w, https:\/\/www.sanseverinolucano.com\/wp-content\/uploads\/2020\/05\/ph-200302-104046-Belvedere-del-Romitorio-elr-300x145.jpg 300w\" sizes=\"auto, (max-width: 700px) 100vw, 700px\" \/><\/a><\/p>\n<p>&nbsp;<\/p>\n","protected":false},"excerpt":{"rendered":"<p>Nel versante lucano del Parco del Pollino, uno dei luoghi pi\u00f9 spettacolari dal punto di vista paesaggistico \u00e8 diventato da qualche anno il Romitorio del Beato Giovanni da Caramola nella localit\u00e0 Rimiti (\u00a0https:\/\/associazionexerospotamos.wordpress.com\/eremo-del-beato-giovanni\/\u00a0); i ruderi sono stati restaurati e nei&hellip; <\/p>\n","protected":false},"author":12,"featured_media":0,"comment_status":"closed","ping_status":"closed","sticky":false,"template":"","format":"standard","meta":{"footnotes":""},"categories":[6,8],"tags":[],"class_list":["post-3231","post","type-post","status-publish","format-standard","hentry","category-amb","category-pol"],"_links":{"self":[{"href":"https:\/\/www.sanseverinolucano.com\/index.php?rest_route=\/wp\/v2\/posts\/3231","targetHints":{"allow":["GET"]}}],"collection":[{"href":"https:\/\/www.sanseverinolucano.com\/index.php?rest_route=\/wp\/v2\/posts"}],"about":[{"href":"https:\/\/www.sanseverinolucano.com\/index.php?rest_route=\/wp\/v2\/types\/post"}],"author":[{"embeddable":true,"href":"https:\/\/www.sanseverinolucano.com\/index.php?rest_route=\/wp\/v2\/users\/12"}],"replies":[{"embeddable":true,"href":"https:\/\/www.sanseverinolucano.com\/index.php?rest_route=%2Fwp%2Fv2%2Fcomments&post=3231"}],"version-history":[{"count":3,"href":"https:\/\/www.sanseverinolucano.com\/index.php?rest_route=\/wp\/v2\/posts\/3231\/revisions"}],"predecessor-version":[{"id":3237,"href":"https:\/\/www.sanseverinolucano.com\/index.php?rest_route=\/wp\/v2\/posts\/3231\/revisions\/3237"}],"wp:attachment":[{"href":"https:\/\/www.sanseverinolucano.com\/index.php?rest_route=%2Fwp%2Fv2%2Fmedia&parent=3231"}],"wp:term":[{"taxonomy":"category","embeddable":true,"href":"https:\/\/www.sanseverinolucano.com\/index.php?rest_route=%2Fwp%2Fv2%2Fcategories&post=3231"},{"taxonomy":"post_tag","embeddable":true,"href":"https:\/\/www.sanseverinolucano.com\/index.php?rest_route=%2Fwp%2Fv2%2Ftags&post=3231"}],"curies":[{"name":"wp","href":"https:\/\/api.w.org\/{rel}","templated":true}]}}