{"id":379,"date":"2007-02-28T22:37:38","date_gmt":"2007-02-28T21:37:38","guid":{"rendered":"http:\/\/www.sanseverinolucano.com\/?p=379"},"modified":"2014-06-16T22:38:26","modified_gmt":"2014-06-16T20:38:26","slug":"decima-edizione-della-coppa-delle-nevi","status":"publish","type":"post","link":"https:\/\/www.sanseverinolucano.com\/?p=379","title":{"rendered":"Decima edizione della Coppa delle Nevi"},"content":{"rendered":"<p><strong>San Severino Lucano, 2 &#8211; 3 &#8211; 4 MARZO 2007<\/strong><br \/>\nLa gara di Regolarit\u00e0 Autostoriche per le vie della cittadina del Parco. La Coppa delle Nevi \u00e8 una gara di regolarit\u00e0 automobilistica in cui protagoniste sono le auto d\u2019epoca. \u00c8 valida per la Coppa CSAI IV Zona. Anche quest\u2019anno la gara si svolger\u00e0 a San Severino Lucano, interessando i vicini comuni di Viggianello e di Rotonda. Gli equipaggi iscritti alla manifestazione provengono da Lazio, Campania, Puglia, Calabria, Sicilia e ovviamente dalla stessa Basilicata. Ad organizzare la manifestazione \u00e8 la societ\u00e0 A.S.A. di Castrovillari che per la decima volta si cimenta a preparare al meglio l\u2019evento. Il piccolo centro del Pollino torna ad animarsi di numerosi visitatori e di sportivi cappassionati di automobilismo. Il programma \u00e8 il seguente: Venerd\u00ec 2 Marzo Ore 15: &#8211; 19:00 S. Severino Lucano (Municipio) Sabato 3 Marzo Ore 10:00 &#8211; San Severino Lucano \u2013 (Piazza): Partenza 1\u00b0 vettura Ore 12:45 \u2013 14:20 Rotonda (Piazza): Riordino e pranzo Ore 14:38 \u2013 15:30 Viggianello (Piazza): Riordino e coffee break; ore 16:15 &#8211; San Severino Lucano (Piazza): Arrivo 1\u00b0 tappa (1\u00b0 vettura) ore 21:00 &#8211; San Severino : cena Domenica 4 Marzo Ore 10:00 &#8211; San Severino Lucano \u2013 (Piazza): Partenza 1\u00b0 vettura Ore 10:55 \u2013 11:20 San Severino Lucano \u2013 (Piazza): Riordino Ore 12:15 &#8211; San Severino Lucano \u2013 (Piazza): Arrivo 1\u00b0 vettura Ore 15:00 &#8211; San Severino Lucano \u2013 (Piazza): Esposizione Classifiche Ore 16:30 &#8211; San Severino Lucano \u2013 (Piazza): Premiazione<\/p>\n","protected":false},"excerpt":{"rendered":"<p>San Severino Lucano, 2 &#8211; 3 &#8211; 4 MARZO 2007 La gara di Regolarit\u00e0 Autostoriche per le vie della cittadina del Parco. La Coppa delle Nevi \u00e8 una gara di regolarit\u00e0 automobilistica in cui protagoniste sono le auto d\u2019epoca. \u00c8&hellip; <\/p>\n","protected":false},"author":1,"featured_media":0,"comment_status":"closed","ping_status":"open","sticky":false,"template":"","format":"standard","meta":{"footnotes":""},"categories":[9,7],"tags":[],"class_list":["post-379","post","type-post","status-publish","format-standard","hentry","category-eve","category-spo"],"_links":{"self":[{"href":"https:\/\/www.sanseverinolucano.com\/index.php?rest_route=\/wp\/v2\/posts\/379","targetHints":{"allow":["GET"]}}],"collection":[{"href":"https:\/\/www.sanseverinolucano.com\/index.php?rest_route=\/wp\/v2\/posts"}],"about":[{"href":"https:\/\/www.sanseverinolucano.com\/index.php?rest_route=\/wp\/v2\/types\/post"}],"author":[{"embeddable":true,"href":"https:\/\/www.sanseverinolucano.com\/index.php?rest_route=\/wp\/v2\/users\/1"}],"replies":[{"embeddable":true,"href":"https:\/\/www.sanseverinolucano.com\/index.php?rest_route=%2Fwp%2Fv2%2Fcomments&post=379"}],"version-history":[{"count":1,"href":"https:\/\/www.sanseverinolucano.com\/index.php?rest_route=\/wp\/v2\/posts\/379\/revisions"}],"predecessor-version":[{"id":380,"href":"https:\/\/www.sanseverinolucano.com\/index.php?rest_route=\/wp\/v2\/posts\/379\/revisions\/380"}],"wp:attachment":[{"href":"https:\/\/www.sanseverinolucano.com\/index.php?rest_route=%2Fwp%2Fv2%2Fmedia&parent=379"}],"wp:term":[{"taxonomy":"category","embeddable":true,"href":"https:\/\/www.sanseverinolucano.com\/index.php?rest_route=%2Fwp%2Fv2%2Fcategories&post=379"},{"taxonomy":"post_tag","embeddable":true,"href":"https:\/\/www.sanseverinolucano.com\/index.php?rest_route=%2Fwp%2Fv2%2Ftags&post=379"}],"curies":[{"name":"wp","href":"https:\/\/api.w.org\/{rel}","templated":true}]}}