{"id":4046,"date":"2024-11-05T12:29:56","date_gmt":"2024-11-05T11:29:56","guid":{"rendered":"http:\/\/www.sanseverinolucano.com\/?p=4046"},"modified":"2024-11-05T12:29:58","modified_gmt":"2024-11-05T11:29:58","slug":"san-severino-lucano-celebra-lunita-nazionale-e-le-forze-armate-un-invito-a-essere-operatori-di-pace","status":"publish","type":"post","link":"https:\/\/www.sanseverinolucano.com\/?p=4046","title":{"rendered":"San Severino Lucano celebra l\u2019Unit\u00e0 Nazionale e le Forze Armate: un invito a essere operatori di pace."},"content":{"rendered":"\n<pre class=\"wp-block-preformatted\">Ieri mattina, nella Chiesa Madre Maria Santissima degli Angeli di San Severino Lucano, si \u00e8 svolta la cerimonia per celebrare il Giorno dell\u2019Unit\u00e0 Nazionale e la Giornata delle Forze Armate. In questa occasione era d\u2019obbligo, ricordare, tutti i concittadini che hanno servito l\u2019Italia, con coraggio e dedizione tali, da sacrificare le loro vite.\r\nIl ricordo e la riflessione. Questi i temi caratteristici di oggi.\r\n\r\nAd aprire le celebrazioni, \u00e8 stato il parroco, don Antonio Lo Gatto, celebrando la Santa Messa, con la partecipazione del Sindaco Dott. Giuseppe Ciminelli, delle Autorit\u00e0 civili e militari. Presenti, inoltre, gli alunni delle Scuole, accompagnati dai loro Insegnanti e numerosi cittadini.\n\n\r\r\nDon Antonio, rivolgendosi ai pi\u00f9 giovani, futuro di San Severino Lucano,\r\nha spiegato loro, che la guerra non appartiene solo al passato. Purtroppo e le vicende di questi giorni, con i tragici scontri tra Israele e la Palestina lo dimostrano.\r\nIl conflitto pu\u00f2 assumere varie sembianze: pu\u00f2 essere \u201cguerra,\u201d con le sue conseguenze disastrose, e pi\u00f9 lontano da noi, oppure manifestarsi nella forma che ci \u00e8 pi\u00f9 familiare, con il \u201clitigare\u201d e non augurare il bene all\u2019altro.\r\nIn questa occasione, anche noi diventiamo operatori di guerra.\r\nCos\u00ec, per conquistare la Pace perduta, spiega ancora Don Antonio, occorre chiedere scusa ed ottenuto il perdono, \u00e8 fondamentale donare il bene anche se non ricambiato. Ognuno di noi deve essere \u201cmartire\u201dper difendere la pace, dono di Dio, e la giustizia. Dobbiamo seguire l\u2019esempio dei nostri concittadini caduti in guerra.\r\n\r\n\nTerminata la funzione religiosa, si \u00e8 passati alla benedizione e deposizione della corona di alloro, al Monumento dei ai Caduti. Il Sindaco, ha spiegato ai giovanissimi che l\u2019articolo 11 della nostra Costituzione sancisce che:\r\n\r\n\u201c L'Italia ripudia la guerra come strumento di offesa alla libert\u00e0 degli altri popoli e come mezzo di risoluzione delle controversie internazionali; consente, in condizioni di parit\u00e0 con gli altri Stati, alle limitazioni di sovranit\u00e0 necessarie ad un ordinamento che assicuri la pace e la giustizia fra le Nazioni; promuove e favorisce le organizzazioni internazionali rivolte a tale scopo\u201d.\r\n\r\nIl poeta Ungaretti, divenuto esempio per tutti, grazie alla descrizione delle sofferenze patite in guerra nelle sue opere, in maniera realistica e toccante. Questo quanto ha dichiarato il Sindaco durante il suo intervento.\n\n<\/pre>\n\n\n\n<figure class=\"wp-block-gallery has-nested-images columns-default is-cropped wp-block-gallery-1 is-layout-flex wp-block-gallery-is-layout-flex\">\n<figure class=\"wp-block-image size-large\"><a href=\"http:\/\/www.sanseverinolucano.com\/wp-content\/uploads\/2024\/11\/imagetools0-1-scaled.jpg\" target=\"_blank\" rel=\"noreferrer noopener\"><img loading=\"lazy\" decoding=\"async\" width=\"1024\" height=\"772\" data-id=\"4048\" src=\"http:\/\/www.sanseverinolucano.com\/wp-content\/uploads\/2024\/11\/imagetools0-1-1024x772.jpg\" alt=\"\" class=\"wp-image-4048\" srcset=\"https:\/\/www.sanseverinolucano.com\/wp-content\/uploads\/2024\/11\/imagetools0-1-1024x772.jpg 1024w, https:\/\/www.sanseverinolucano.com\/wp-content\/uploads\/2024\/11\/imagetools0-1-300x226.jpg 300w, https:\/\/www.sanseverinolucano.com\/wp-content\/uploads\/2024\/11\/imagetools0-1-768x579.jpg 768w, https:\/\/www.sanseverinolucano.com\/wp-content\/uploads\/2024\/11\/imagetools0-1-1536x1158.jpg 1536w, https:\/\/www.sanseverinolucano.com\/wp-content\/uploads\/2024\/11\/imagetools0-1-2048x1544.jpg 2048w\" sizes=\"auto, (max-width: 1024px) 100vw, 1024px\" \/><\/a><\/figure>\n\n\n\n<figure class=\"wp-block-image size-large\"><a href=\"http:\/\/www.sanseverinolucano.com\/wp-content\/uploads\/2024\/11\/IMG_2024-11-04-10-43-22-575-1-scaled.jpg\" target=\"_blank\" rel=\"noreferrer noopener\"><img loading=\"lazy\" decoding=\"async\" width=\"1024\" height=\"576\" data-id=\"4049\" src=\"http:\/\/www.sanseverinolucano.com\/wp-content\/uploads\/2024\/11\/IMG_2024-11-04-10-43-22-575-1-1024x576.jpg\" alt=\"\" class=\"wp-image-4049\" srcset=\"https:\/\/www.sanseverinolucano.com\/wp-content\/uploads\/2024\/11\/IMG_2024-11-04-10-43-22-575-1-1024x576.jpg 1024w, https:\/\/www.sanseverinolucano.com\/wp-content\/uploads\/2024\/11\/IMG_2024-11-04-10-43-22-575-1-300x169.jpg 300w, https:\/\/www.sanseverinolucano.com\/wp-content\/uploads\/2024\/11\/IMG_2024-11-04-10-43-22-575-1-768x432.jpg 768w, https:\/\/www.sanseverinolucano.com\/wp-content\/uploads\/2024\/11\/IMG_2024-11-04-10-43-22-575-1-1536x864.jpg 1536w, https:\/\/www.sanseverinolucano.com\/wp-content\/uploads\/2024\/11\/IMG_2024-11-04-10-43-22-575-1-2048x1152.jpg 2048w\" sizes=\"auto, (max-width: 1024px) 100vw, 1024px\" \/><\/a><\/figure>\n<\/figure>\n\n\n\n<pre class=\"wp-block-preformatted\">Al termine della cerimonia gli alunni delle scuole, hanno ricordato i caduti e dispersi, nostri concittadini, pronunciando i loro nomi.Toccante, poi, la narrazione della triste storia del Milite Ignoto ed ancora pi\u00f9 emozionante, la lettura di alcune delle lettere dei soldati dal fronte.\r\n\r\nRagazzi, adulti e tutti noi, cerchiamo di ricordare bene le parole ed i fatti narrati oggi e di non dimenticarli domani! Cerchiamo di essere operatori di pace.\r\n\r\n<strong>Rosanna Viceconti<\/strong><\/pre>\n","protected":false},"excerpt":{"rendered":"<p>Ieri mattina, nella Chiesa Madre Maria Santissima degli Angeli di San Severino Lucano, si \u00e8 svolta la cerimonia per celebrare il Giorno dell\u2019Unit\u00e0 Nazionale e la Giornata delle Forze Armate. In questa occasione era d\u2019obbligo, ricordare, tutti i concittadini che&hellip; <\/p>\n","protected":false},"author":5,"featured_media":0,"comment_status":"closed","ping_status":"closed","sticky":false,"template":"","format":"standard","meta":{"footnotes":""},"categories":[1],"tags":[],"class_list":["post-4046","post","type-post","status-publish","format-standard","hentry","category-gen"],"_links":{"self":[{"href":"https:\/\/www.sanseverinolucano.com\/index.php?rest_route=\/wp\/v2\/posts\/4046","targetHints":{"allow":["GET"]}}],"collection":[{"href":"https:\/\/www.sanseverinolucano.com\/index.php?rest_route=\/wp\/v2\/posts"}],"about":[{"href":"https:\/\/www.sanseverinolucano.com\/index.php?rest_route=\/wp\/v2\/types\/post"}],"author":[{"embeddable":true,"href":"https:\/\/www.sanseverinolucano.com\/index.php?rest_route=\/wp\/v2\/users\/5"}],"replies":[{"embeddable":true,"href":"https:\/\/www.sanseverinolucano.com\/index.php?rest_route=%2Fwp%2Fv2%2Fcomments&post=4046"}],"version-history":[{"count":1,"href":"https:\/\/www.sanseverinolucano.com\/index.php?rest_route=\/wp\/v2\/posts\/4046\/revisions"}],"predecessor-version":[{"id":4052,"href":"https:\/\/www.sanseverinolucano.com\/index.php?rest_route=\/wp\/v2\/posts\/4046\/revisions\/4052"}],"wp:attachment":[{"href":"https:\/\/www.sanseverinolucano.com\/index.php?rest_route=%2Fwp%2Fv2%2Fmedia&parent=4046"}],"wp:term":[{"taxonomy":"category","embeddable":true,"href":"https:\/\/www.sanseverinolucano.com\/index.php?rest_route=%2Fwp%2Fv2%2Fcategories&post=4046"},{"taxonomy":"post_tag","embeddable":true,"href":"https:\/\/www.sanseverinolucano.com\/index.php?rest_route=%2Fwp%2Fv2%2Ftags&post=4046"}],"curies":[{"name":"wp","href":"https:\/\/api.w.org\/{rel}","templated":true}]}}