{"id":4163,"date":"2025-07-19T14:03:32","date_gmt":"2025-07-19T12:03:32","guid":{"rendered":"https:\/\/www.sanseverinolucano.com\/?p=4163"},"modified":"2025-07-19T14:05:58","modified_gmt":"2025-07-19T12:05:58","slug":"san-severino-lucano-presentazione-del-progetto-culturale-beb-biblioteca-e-benessere-nella-natura-del-parco-del-pollino","status":"publish","type":"post","link":"https:\/\/www.sanseverinolucano.com\/?p=4163","title":{"rendered":"San Severino Lucano, presentazione del progetto culturale \u201cBeB: Biblioteca e benessere nella natura del Parco del Pollino\u201d"},"content":{"rendered":"\n<h4 class=\"wp-block-heading\"><mark style=\"background-color:rgba(0, 0, 0, 0)\" class=\"has-inline-color has-vivid-red-color\">di Rosanna Viceconti<\/mark><\/h4>\n\n\n\n<p>Il 17 luglio, presso la Biblioteca Comunale di San Severino Lucano, si \u00e8 tenuta la presentazione del cartellone di eventi dal nome <strong>\u201cBeB nella natura\u201d<\/strong>a cura della <strong>associazione culturale \u201c<\/strong><strong>Myosotis.\u201d<\/strong> Nata nel 2007 dal nome di un fiore, il \u201cmyosotis\u201d appunto, detto anche \u201cNon ti scordar di me\u201d, <strong>promuove il rispetto di ogni essere umano, fino a prendersene cura e quindi a non dimenticarsi mai di nessuno<\/strong>. Dal 2009 gestisce la biblioteca comunale ed offre servizi in campo culturale ed educativo. Solo l\u2019educazione, la cultura ed il coinvolgimento delle scuole, permettono il benessere dei piccoli centri come quello di San Severino, sostiene <strong>la presidente di Myosotis, Maria Marino,<\/strong> docente stimata ed apprezzata da tutti in paese. Marino, tiene a sottolineare inoltre, che si \u00e8 lavorato a lungo per poter coniugare le diverse biodiversit\u00e0 presenti lungo il territorio, con le varie performance culturali, cos\u00ec da garantire iniziative rivolte sia ai suoi concittadini che a tutti i turisti presenti in estate.<\/p>\n\n\n\n<figure class=\"wp-block-image size-full\"><a href=\"https:\/\/www.sanseverinolucano.com\/wp-content\/uploads\/2025\/07\/Foto-e1752877894949.jpg\"><img loading=\"lazy\" decoding=\"async\" width=\"500\" height=\"400\" src=\"https:\/\/www.sanseverinolucano.com\/wp-content\/uploads\/2025\/07\/Foto-e1752877894949.jpg\" alt=\"\" class=\"wp-image-4164\" srcset=\"https:\/\/www.sanseverinolucano.com\/wp-content\/uploads\/2025\/07\/Foto-e1752877894949.jpg 500w, https:\/\/www.sanseverinolucano.com\/wp-content\/uploads\/2025\/07\/Foto-e1752877894949-300x240.jpg 300w\" sizes=\"auto, (max-width: 500px) 100vw, 500px\" \/><\/a><\/figure>\n\n\n\n<p><strong>Il filo conduttore di queste esperienze sensoriali, \u00e8 il passo lento dell\u2019uomo, nella natura,<\/strong> cio\u00e8 riprendersi il tempo necessario per s\u00e9 stessi, per avere una vita pi\u00f9 serena. Ai giorni nostri, infatti, facciamo pi\u00f9 cose nello stesso momento, e non ce ne rendiamo nemmeno conto, non si parla pi\u00f9 come un tempo e per questo si vive male, come sostenuto dal <strong>Prof. Francesco Ferrari, <\/strong>persona di elevato spessore culturale, che ha partecipato anch\u2019egli alla progettazione di questi lavori.<\/p>\n\n\n\n<p>Le attivit\u00e0 che si svolgeranno a partire da Sabato 19 Luglio, prevedono passeggiate lungo sentieri diversi, ma non particolarmente difficili, si potrebbero definire sentieri turistici, accompagnati da guide, con considerazioni, letture di brani, poesie.<\/p>\n\n\n\n<p><strong>N<\/strong><strong>on saranno perci\u00f2, solo <\/strong><strong>mere osservazioni di <\/strong><strong>flora e fauna<\/strong><strong>, <\/strong><strong>di cui i boschi del piccolo paese vantano specie di rara bellezza,<\/strong><strong>ma ci si soffermer\u00e0 <\/strong><strong>anche <\/strong><strong>su<\/strong><strong> spunti <\/strong><strong>e riflessioni mentre si contemplano<\/strong><strong> le bellezze naturalistiche.<\/strong><\/p>\n\n\n\n<p><strong>Saranno valorizzati i<\/strong><strong> singoli elementi naturali <\/strong><strong>ad esempio <\/strong><strong>l\u2019acqua, <\/strong><strong>oppure <\/strong><strong>il vento <\/strong><strong>che soffiando, d\u00e0 voce a<\/strong><strong>gli alberi.<\/strong><\/p>\n\n\n\n<p>L\u2019obiettivo \u00e8 la promulgazione dell\u2019idea che <strong>bisogna rallentare per evitare il declino sia a livello ambientale, che psico fisico. Se vogliamo davvero un cambiamento dello stile di vita, \u00e8 necessario coinvolgere i bambini ed i genitori. Solo cos\u00ecsi possono veramente migliorare le sorti del Pianeta<\/strong>. Si deve partire dalla mentalit\u00e0 delle persone, rieducandola alla normalit\u00e0, ormai estinta. La musica avr\u00e0 anch\u2019essa il suo spazio e contributo al benessere, con <strong>concerti davvero particolari,ed imperdibili, in mezzo al verde nei luoghi pi\u00f9 panoramici.<\/strong>i attende tanto altro ancora e considerato il modo innovativo di celebrare la conoscenza, estesa alla portata di tutti, dai bambini ai meno giovani, il consiglio, per stare meglio, \u00e8 di partecipare a queste eccezionali giornate e non perdere l\u2019occasione. Ricordiamo, inoltre che \u201cBeB nella natura\u201d \u00e8 uno dei progetti,patrocinati dall\u2019Amministrazione Comunale, nell\u2019ambito del progetto dei Sentieri del Benessere.<\/p>\n\n\n\n<p><\/p>\n","protected":false},"excerpt":{"rendered":"<p>di Rosanna Viceconti Il 17 luglio, presso la Biblioteca Comunale di San Severino Lucano, si \u00e8 tenuta la presentazione del cartellone di eventi dal nome \u201cBeB nella natura\u201da cura della associazione culturale \u201cMyosotis.\u201d Nata nel 2007 dal nome di un&hellip; <\/p>\n","protected":false},"author":4,"featured_media":0,"comment_status":"closed","ping_status":"closed","sticky":false,"template":"","format":"standard","meta":{"footnotes":""},"categories":[1],"tags":[],"class_list":["post-4163","post","type-post","status-publish","format-standard","hentry","category-gen"],"_links":{"self":[{"href":"https:\/\/www.sanseverinolucano.com\/index.php?rest_route=\/wp\/v2\/posts\/4163","targetHints":{"allow":["GET"]}}],"collection":[{"href":"https:\/\/www.sanseverinolucano.com\/index.php?rest_route=\/wp\/v2\/posts"}],"about":[{"href":"https:\/\/www.sanseverinolucano.com\/index.php?rest_route=\/wp\/v2\/types\/post"}],"author":[{"embeddable":true,"href":"https:\/\/www.sanseverinolucano.com\/index.php?rest_route=\/wp\/v2\/users\/4"}],"replies":[{"embeddable":true,"href":"https:\/\/www.sanseverinolucano.com\/index.php?rest_route=%2Fwp%2Fv2%2Fcomments&post=4163"}],"version-history":[{"count":2,"href":"https:\/\/www.sanseverinolucano.com\/index.php?rest_route=\/wp\/v2\/posts\/4163\/revisions"}],"predecessor-version":[{"id":4168,"href":"https:\/\/www.sanseverinolucano.com\/index.php?rest_route=\/wp\/v2\/posts\/4163\/revisions\/4168"}],"wp:attachment":[{"href":"https:\/\/www.sanseverinolucano.com\/index.php?rest_route=%2Fwp%2Fv2%2Fmedia&parent=4163"}],"wp:term":[{"taxonomy":"category","embeddable":true,"href":"https:\/\/www.sanseverinolucano.com\/index.php?rest_route=%2Fwp%2Fv2%2Fcategories&post=4163"},{"taxonomy":"post_tag","embeddable":true,"href":"https:\/\/www.sanseverinolucano.com\/index.php?rest_route=%2Fwp%2Fv2%2Ftags&post=4163"}],"curies":[{"name":"wp","href":"https:\/\/api.w.org\/{rel}","templated":true}]}}