{"id":4173,"date":"2025-08-04T20:26:50","date_gmt":"2025-08-04T18:26:50","guid":{"rendered":"https:\/\/www.sanseverinolucano.com\/?p=4173"},"modified":"2025-08-04T20:29:26","modified_gmt":"2025-08-04T18:29:26","slug":"festa-patronale-a-san-severino-lucano-tra-tradizioni-religiose-e-musica-di-pierdavide-carone","status":"publish","type":"post","link":"https:\/\/www.sanseverinolucano.com\/?p=4173","title":{"rendered":"Festa Patronale a San Severino Lucano tra tradizioni religiose e musica di Pierdavide Carone!"},"content":{"rendered":"<div class=\"wp-block-image\">\n<figure class=\"aligncenter size-full\"><a href=\"https:\/\/www.sanseverinolucano.com\/wp-content\/uploads\/2025\/08\/san-severino-lucano-Maria-ssd-degli-angeli-e-Carone.jpg\"><img loading=\"lazy\" decoding=\"async\" width=\"589\" height=\"265\" src=\"https:\/\/www.sanseverinolucano.com\/wp-content\/uploads\/2025\/08\/san-severino-lucano-Maria-ssd-degli-angeli-e-Carone.jpg\" alt=\"\" class=\"wp-image-4174\" srcset=\"https:\/\/www.sanseverinolucano.com\/wp-content\/uploads\/2025\/08\/san-severino-lucano-Maria-ssd-degli-angeli-e-Carone.jpg 589w, https:\/\/www.sanseverinolucano.com\/wp-content\/uploads\/2025\/08\/san-severino-lucano-Maria-ssd-degli-angeli-e-Carone-300x135.jpg 300w\" sizes=\"auto, (max-width: 589px) 100vw, 589px\" \/><\/a><\/figure>\n<\/div>\n\n\n<p>di Rosanna Viceconti . . . . <\/p>\n\n\n\n<p><\/p>\n\n\n\n<p>Il 1\u00b0 e 2 Agosto, i cittadini di San Severino Lucano ed i turisti presenti, hanno vissuto <strong>due giorni di grande festa e preghiera<\/strong>.<\/p>\n\n\n\n<p>Come ogni anno, nel piccolo paese, il 1 Agosto, nel pomeriggio, \u00e8 <strong>tradizione celebrare una Santa Messa<\/strong>, che anche quest\u2019anno, Sua Eminenza Mons. Vincenzo Orofino ha presieduto.<\/p>\n\n\n\n<p>Successivamente i fedeli si sono raccolti ed hanno sfilato, portando il Corpus Domini in processione lungo le vie di San Severino. In alcuni punti, dove erano presenti degli altarini, si sono svolti momenti di preghiera e meditazione.<\/p>\n\n\n\n<p>La serata, si \u00e8 conclusa poi, con le note del concerto bandistico, della Banda della Citt\u00e0 di Francavilla in Sinni.<\/p>\n\n\n\n<p>Il giorno seguente,<strong> dedicato alla Madonna degli Angeli,<\/strong> in mattinata si \u00e8 tenuta una Santa Messa, durante la quale, \u00e8 stata amministrata l\u2019Unzione degli Infermi. Nel pomeriggio si \u00e8 svolta la concelebrazione eucaristica con il Parroco del paese, Don Antonio Lo Gatto, il Sacerdote Nino Martino dell\u2019Arcidiocesi di Matera-Irsina ed il Diacono Permanente, Ettore Panizzo.<\/p>\n\n\n\n<p>La cerimonia, ha avuto come accompagnamento musicale, i canti interpretati magistralmente, dalle straordinarie voci e musiche del coro della Parrocchia, che la direttrice Franca, Olga Milione, guida sempre in maniera eccellente, offrendo ai presenti, una bellissima esperienza sonora.<\/p>\n\n\n\n<p>Importanti e di grandi attualit\u00e0, le parole di Don Nino Martino, che <strong>ha invitato a riflettere sull\u2019importanza della ricchezza materiale e di quella spirituale.<\/strong><\/p>\n\n\n\n<p>E\u2019 giusto vivere bene economicamente ma bisogna stare attenti a non diventarne schiavi, altrimenti si viene trascinati nell\u2019isolamento, fino ad arrivare al delirio di onnipotenza, credendo che tutto si possa comprare, anche i sentimenti. L\u2019amore degli uni verso altri \u00e8 indispensabile e non \u00e8 in vendita.<\/p>\n\n\n\n<p>Chi accumula beni materiali senza offrire il suo affetto alla comunit\u00e0, aggiunge Don Nino, sar\u00e0 sempre pi\u00f9 solo e si ridurr\u00e0 a parlare allo specchio, l\u2019unico amico rimasto e che gli potr\u00e0 dare sempre ragione. Quindi totale narcisismo e decadenza di una vita. Ci\u00f2 che invece migliora ed arricchisce davvero, \u00e8 fare il bene, dare a chi non ha.<\/p>\n\n\n\n<p>Questo \u00e8 l\u2019unico modo per rimanere liberi. Terminato il rito religioso, la Sacra effige della Vergine degli Angeli, \u00e8 stata portata in processione per i vicoli del borgo, affinch\u00e9 la Sua protezione potesse ricadere davvero su tutti i cittadini. Ricordiamo inoltre, che la Chiesa Madre, l\u20191 ed il 2 Agosto \u00e8 stata luogo Giubilare dove poter ricevere l\u2019indulgenza plenaria dei propri peccati. Conclusesi le cerimonie religiose, \u00e8 giunto il momento dell\u2019evento pi\u00f9 atteso:<\/p>\n\n\n\n<p>il concerto del cantautore,<strong> Pierdavide Carone, che ottiene il successo nel 2010 in seguito alla partecipazione alla nona edizione del talent show \u201c<em>Amici\u201d di Maria De Filippi<\/em><\/strong>, in cui si \u00e8 classificato terzo ed ha vinto il premio della critica.<\/p>\n\n\n\n<p>Ha anche partecipato al&nbsp;Festival di Sanremo 2012&nbsp;insieme con&nbsp;Lucio Dalla, con la canzone \u201cNan\u00ec\u201d classificandosi al quinto posto. Quest\u2019anno vince la terza edizione del programma&nbsp;\u201c<em>Ora o mai pi\u00f9\u201d<\/em>, condotto da&nbsp;Marco Liorni&nbsp;su&nbsp;Rai 1&nbsp;e sempre nel 2025, vince il premio della critica per la miglior canzone alla prima edizione del&nbsp;<em>San Marino Song Contest<\/em>. Durante il concerto ha proposto i suoi brani, come Nan\u00ec, Caramelle, canzoni che trattano temi importanti in maniera delicata e toccante.<\/p>\n\n\n\n<p>Ha cantato anche \u201cDi Notte\u201d che la reso famoso. Ci sono stati anche&nbsp; attimi di commozione nel ricordo del padre scomparso.<\/p>\n\n\n\n<p>Toccante \u00e8 stata l\u2019interpretazione di \u201cNon ce l\u2019ho con te\u201d, canzone che descrive con&nbsp;delicatezza&nbsp;i silenzi, le incomprensioni e le distanze che spesso segnano i rapporti familiari.<\/p>\n\n\n\n<p>Il pezzo, nato per far conoscere <strong>una verit\u00e0 universale quanto intima,<\/strong> \u00e8&nbsp;una dedica&nbsp;a chi ha sperimento conflitti e rimpianti ma, allo stesso tempo, \u00e8 un invito&nbsp;a riconoscere e accettare&nbsp;queste dinamiche, in cui comunque non mancano mai l\u2019amore e il desiderio di essere compresi. Travolgente e simpatico, Carone ha alternato alla musica, siparietti con battute che hanno coinvolto il numeroso pubblico presente. Non poteva mancare l\u2019ultimo pezzo uscito da poco, \u201cAve Maria\u201d, che al di l\u00e0 del testo, ha un significato molto profondo: bisogna pregare, credendo e prendendo coscienza che essere molto devoti, non autorizza e giustifica il peccare.<\/p>\n\n\n\n<p>A conclusione della serata, l\u2019estrazione dei biglietti della lotteria creata per l\u2019occasione e lo spettacolo pirotecnico, che ha affascinato anche i tanti turisti presenti, rimasti fino alla fine dei festeggiamenti, <strong>nonostante il clima abbastanza fresco.<\/strong> Si pu\u00f2 dire che fede e divertimento si siano intrecciati bene in questo fine settimana.<\/p>\n\n\n\n<p>Merito di chi ha organizzato e lavorato per la realizzazione degli eventi, in particolare, l\u2019Amministrazione Comunale, la Pro Loco del Pollino, il Comitato Feste, gli sponsor e la Parrocchia.<\/p>\n\n\n\n<p>Don Antonio Lo Gatto, grande regista della festivit\u00e0 ancora una volta \u00e8 riuscito ad unire le diverse generazioni ed a coinvolgerle tutte.<\/p>\n\n\n\n<p><\/p>\n","protected":false},"excerpt":{"rendered":"<p>di Rosanna Viceconti . . . . Il 1\u00b0 e 2 Agosto, i cittadini di San Severino Lucano ed i turisti presenti, hanno vissuto due giorni di grande festa e preghiera. Come ogni anno, nel piccolo paese, il 1 Agosto,&hellip; <\/p>\n","protected":false},"author":5,"featured_media":0,"comment_status":"closed","ping_status":"closed","sticky":false,"template":"","format":"standard","meta":{"footnotes":""},"categories":[1],"tags":[],"class_list":["post-4173","post","type-post","status-publish","format-standard","hentry","category-gen"],"_links":{"self":[{"href":"https:\/\/www.sanseverinolucano.com\/index.php?rest_route=\/wp\/v2\/posts\/4173","targetHints":{"allow":["GET"]}}],"collection":[{"href":"https:\/\/www.sanseverinolucano.com\/index.php?rest_route=\/wp\/v2\/posts"}],"about":[{"href":"https:\/\/www.sanseverinolucano.com\/index.php?rest_route=\/wp\/v2\/types\/post"}],"author":[{"embeddable":true,"href":"https:\/\/www.sanseverinolucano.com\/index.php?rest_route=\/wp\/v2\/users\/5"}],"replies":[{"embeddable":true,"href":"https:\/\/www.sanseverinolucano.com\/index.php?rest_route=%2Fwp%2Fv2%2Fcomments&post=4173"}],"version-history":[{"count":2,"href":"https:\/\/www.sanseverinolucano.com\/index.php?rest_route=\/wp\/v2\/posts\/4173\/revisions"}],"predecessor-version":[{"id":4177,"href":"https:\/\/www.sanseverinolucano.com\/index.php?rest_route=\/wp\/v2\/posts\/4173\/revisions\/4177"}],"wp:attachment":[{"href":"https:\/\/www.sanseverinolucano.com\/index.php?rest_route=%2Fwp%2Fv2%2Fmedia&parent=4173"}],"wp:term":[{"taxonomy":"category","embeddable":true,"href":"https:\/\/www.sanseverinolucano.com\/index.php?rest_route=%2Fwp%2Fv2%2Fcategories&post=4173"},{"taxonomy":"post_tag","embeddable":true,"href":"https:\/\/www.sanseverinolucano.com\/index.php?rest_route=%2Fwp%2Fv2%2Ftags&post=4173"}],"curies":[{"name":"wp","href":"https:\/\/api.w.org\/{rel}","templated":true}]}}