{"id":567,"date":"2008-10-26T08:20:11","date_gmt":"2008-10-26T07:20:11","guid":{"rendered":"http:\/\/www.sanseverinolucano.com\/?p=567"},"modified":"2014-06-18T08:21:00","modified_gmt":"2014-06-18T06:21:00","slug":"firmato-a-san-severino-lucano-laccordo-realizzazione-del-contratto-di-quartiere","status":"publish","type":"post","link":"https:\/\/www.sanseverinolucano.com\/?p=567","title":{"rendered":"FIRMATO A SAN SEVERINO LUCANO L\u2019ACCORDO REALIZZAZIONE DEL CONTRATTO DI QUARTIERE"},"content":{"rendered":"<div style=\"text-align: center;\">FIRMATO A SAN SEVERINO LUCANO L\u2019ACCORDO DI PROGRAMMA PER LA REALIZZAZIONE DEL CONTRATTO DI QUARTIERE<\/div>\n<p>&nbsp;<\/p>\n<div style=\"text-align: justify;\">\u00a0Il sindaco di San Severino Lucano Francesco Fiore e il Presidente della Giunta Regionale Vito De Filippo, hanno firmato l\u2019accordo di Programma per la realizzazione del Contratto di Quartiere. Presenti alla manifestazione oltre alla Giunta comunale un gran numero di cittadini, don Camillo Perrone, gi\u00e0 parroco della cittadina e Antonio Larocca, funzionario regionale. Due milioni l\u2019investimento destinato al comune per la realizzazione del progetto, ha spiegato il primo cittadino, che si attua attraverso l\u2019acquisizione di fabbricati privati siti nel centro storico e in disuso che saranno recuperati e rimessi in uso a scopo artigianale e commerciale i primi piani e residenziali i piani superiori. \u201c\u00e8 un progetto notevolmente ambizioso, ha detto il sindaco Fiore, che ha continuato, \u00e8 un momento importante per il nostro comune perch\u00e9 non \u00e8 di tutti i giorni avere un trasferimento di fondi di due milioni di euro per un investimento\u201d. Il Presidente De Filippo ha ricordato l\u2019iter che ha portato alla firma, diversi i progetti candidati a finanziamento ministeriale ma i fondi dello Stato non furono sufficienti per finanziarli tutti, la regione nel 2005 mise a disposizione un proprio budget per i comuni rimasti fuori dalla graduatoria, di tali soldi due milioni sono toccati a San Severino Lucano. Il presidente ha lodato l\u2019attivit\u00e0 dell\u2019amministrazione comunale della cittadina del Pollino \u201cSan Severino, ha detto, \u00e8 un buon esempio di vita amministrativa, urbanistica e di vita, attiva ottime possibilit\u00e0 in termini imprenditoriali\u2026\u201d Il piano, ha spiegato l\u2019architetto Francesco Dattoli, prevede la realizzazione, nel centro storico area interessata al Contratto di Quartiere, di botteghe e laboratori artigiani ai piani terra degli alloggi da affidare a privati o cooperative per offrire al settore turistico una nuova offerta e favorire tra l\u2019altro la visita dei vicoli, a ci\u00f2 si aggiunge un programma di sostegno culturale e di formazione professionale e a servizio dell\u2019intervento residenziale la realizzazione di opere di urbanizzazione e infrastrutturali, gli spazi antistanti le case che saranno recuperate diventeranno una sorta di salotti all\u2019aperto, il progetto prevede inoltre l\u2019ampliamento del campo sportivo e la realizzazione di alcuni servizi tra cui una pista ciclabile in localit\u00e0 Viscigli. Tutto per migliorare la qualit\u00e0 della vita, rivitalizzare il centro storico e permettere il ritorno a casa almeno di parte di quei tanti cervelli costretti a lavorare fuori. La scommessa \u00e8 solo all\u2019inizio.<\/div>\n","protected":false},"excerpt":{"rendered":"<p>FIRMATO A SAN SEVERINO LUCANO L\u2019ACCORDO DI PROGRAMMA PER LA REALIZZAZIONE DEL CONTRATTO DI QUARTIERE &nbsp; \u00a0Il sindaco di San Severino Lucano Francesco Fiore e il Presidente della Giunta Regionale Vito De Filippo, hanno firmato l\u2019accordo di Programma per la&hellip; <\/p>\n","protected":false},"author":1,"featured_media":0,"comment_status":"open","ping_status":"open","sticky":false,"template":"","format":"standard","meta":{"footnotes":""},"categories":[8],"tags":[],"class_list":["post-567","post","type-post","status-publish","format-standard","hentry","category-pol"],"_links":{"self":[{"href":"https:\/\/www.sanseverinolucano.com\/index.php?rest_route=\/wp\/v2\/posts\/567","targetHints":{"allow":["GET"]}}],"collection":[{"href":"https:\/\/www.sanseverinolucano.com\/index.php?rest_route=\/wp\/v2\/posts"}],"about":[{"href":"https:\/\/www.sanseverinolucano.com\/index.php?rest_route=\/wp\/v2\/types\/post"}],"author":[{"embeddable":true,"href":"https:\/\/www.sanseverinolucano.com\/index.php?rest_route=\/wp\/v2\/users\/1"}],"replies":[{"embeddable":true,"href":"https:\/\/www.sanseverinolucano.com\/index.php?rest_route=%2Fwp%2Fv2%2Fcomments&post=567"}],"version-history":[{"count":1,"href":"https:\/\/www.sanseverinolucano.com\/index.php?rest_route=\/wp\/v2\/posts\/567\/revisions"}],"predecessor-version":[{"id":568,"href":"https:\/\/www.sanseverinolucano.com\/index.php?rest_route=\/wp\/v2\/posts\/567\/revisions\/568"}],"wp:attachment":[{"href":"https:\/\/www.sanseverinolucano.com\/index.php?rest_route=%2Fwp%2Fv2%2Fmedia&parent=567"}],"wp:term":[{"taxonomy":"category","embeddable":true,"href":"https:\/\/www.sanseverinolucano.com\/index.php?rest_route=%2Fwp%2Fv2%2Fcategories&post=567"},{"taxonomy":"post_tag","embeddable":true,"href":"https:\/\/www.sanseverinolucano.com\/index.php?rest_route=%2Fwp%2Fv2%2Ftags&post=567"}],"curies":[{"name":"wp","href":"https:\/\/api.w.org\/{rel}","templated":true}]}}