{"id":576,"date":"2008-11-30T08:25:58","date_gmt":"2008-11-30T07:25:58","guid":{"rendered":"http:\/\/www.sanseverinolucano.com\/?p=576"},"modified":"2014-06-18T08:26:51","modified_gmt":"2014-06-18T06:26:51","slug":"domani-a-san-severino-lucano-taglio-del-nastro-di-culture-dellanno-mille","status":"publish","type":"post","link":"https:\/\/www.sanseverinolucano.com\/?p=576","title":{"rendered":"Domani a San Severino Lucano taglio del nastro di \u201cCulture dell\u2019Anno Mille\u2026\u201d"},"content":{"rendered":"<div class=\"giustificato\">Domani a San Severino Lucano taglio del nastro di \u201cCulture dell\u2019Anno Mille\u2026\u201d due i laboratori in programma e un seminario studi finali Si apre domani mattina luned\u00ec 1 ottobre il sipario del Convegno di studi \u201cCulture dell\u2019Anno Mille nelle Valli del Sinni e nelle terre ioniche lucane\u201d. A tagliare il nastro due laboratori uno di Burattini a cura del maestro Bruno Leone e uno Movimento Ritmico Corporeo a cura del Maestro Rino Bonanno. Promotori dell\u2019iniziativa i Comuni di San Severino Lucano, Carbone e Chiaromonte, l\u2019Istituto Italiano per gli Studi Filosofici e l\u2019Istituto di Musica Occidentale Orientale, Archivio Lucano delle Voci. Entrambi i laboratorio si terranno a San Severino Lucano, il primo prevede la costruzione di burattini e la realizzazione di brevi spettacoli. I burattini saranno realizzati in legno e stoffa con materiali raccolti nei boschi e sul greto dei fiumi e saranno lavorati con attrezzi manuali. I materiali, immagini e testi, cui liberamente si far\u00e0 riferimento sono quelli comuni al progetto drammatugrico \u2018Storie del bosco Pantano\u2019. Per la costruzione delle storie che vedranno protagonisti i burattini si far\u00e0 un lavoro preliminare sull\u2019uso del burattino, sull\u2019animazione, sul dialogo, sull\u2019uso degli oggetti, sul ritmo (balletto, combattimenti, etc.), basato soprattutto sulle tecniche delle guarattelle. Si raccoglieranno storie tradizionali o inventate, preferibilmente legate all\u2019immaginario dei luoghi. Si trasformeranno tali storie in sceneggiature per burattini si metteranno in scena le storie con i burattini e attraverso un lavoro di improvvisazione e di regia si arriver\u00e0 a una messa in scena finale da poter presentare in pubblico. L\u2019idea che l\u2019uomo possa costituire un pericolo per la specie e l\u2019habitat dell\u2019uomo stesso \u00e8 la considerazione preliminare che guida il laboratorio Movimento Ritmico Corporeo. Orientare i partecipanti ad una pratica quotidiana fondata sulla esplorazione e il riconoscimento degli strati profondi della coscienza ne costituisce la finalit\u00e0. L\u2019apprendimento di tecniche dell\u2019ascolto interiore che metta in condizione chi ne faccia pratica di controllare il proprio equilibrio psicofisico e di indurre attitudini orientate alla consapevolezza di s\u00e9, \u00e8 la via che il laboratorio propone. Il laboratorio in tal senso \u00e8 un teatro del gesto. Il principio cui si ispira il lavoro del laboratorio trova ispirazione nella natura e nei suoi elementi : il fuoco, l\u2019acqua, l\u2019aria la terra. Base delle tecniche del laboratorio \u00e8 l\u2019arte giapponese dell\u2019Aikido (arte dell\u2019armonizzazione delle energie). Durante il corso si affronteranno: Tecniche di respirazione-Respirazione del cielo-Respirazione della terra-Spostamento del corpo nello spazio-Movimento lineare, circolare e a spirale-La giusta postura ( terra,uomo,cielo)-Movimento dell\u2019Acqua-Movimento del Fuoco-Movimento della Terra-Movimento dell\u2019Aria-Suoni e vibrazioni interne-Ascolto-Tecniche di respirazione 2-Respirazioni per gli organi interni-Movimento dell\u2019Acqua a coppie-Movimento del Fuoco a coppie-Movimento della Terra a coppie-Movimento dell\u2019Aria a coppie-Tecniche di respirazione 3-La respirazione con i suoni-Movimento continuo a coppie-Uso del bastone di legno-Movimento a coppie con il bastone-Studio di una forma di relazione con il bastone a coppie-Rappresentazione di una forma di combattimento con il bastone. L\u2019esito dei laboratori sar\u00e0 reso pubblico domenica 7 dicembre nel corso del seminario studi. Il seminario si svolger\u00e0 il 7 dicembre a San Severino Lucano l\u20198 a Chiaromonte, in allegato programma completo della due giorni. Antonietta Zaccara<\/div>\n<p>&nbsp;<\/p>\n","protected":false},"excerpt":{"rendered":"<p>Domani a San Severino Lucano taglio del nastro di \u201cCulture dell\u2019Anno Mille\u2026\u201d due i laboratori in programma e un seminario studi finali Si apre domani mattina luned\u00ec 1 ottobre il sipario del Convegno di studi \u201cCulture dell\u2019Anno Mille nelle Valli&hellip; <\/p>\n","protected":false},"author":1,"featured_media":0,"comment_status":"open","ping_status":"open","sticky":false,"template":"","format":"standard","meta":{"footnotes":""},"categories":[1],"tags":[],"class_list":["post-576","post","type-post","status-publish","format-standard","hentry","category-gen"],"_links":{"self":[{"href":"https:\/\/www.sanseverinolucano.com\/index.php?rest_route=\/wp\/v2\/posts\/576","targetHints":{"allow":["GET"]}}],"collection":[{"href":"https:\/\/www.sanseverinolucano.com\/index.php?rest_route=\/wp\/v2\/posts"}],"about":[{"href":"https:\/\/www.sanseverinolucano.com\/index.php?rest_route=\/wp\/v2\/types\/post"}],"author":[{"embeddable":true,"href":"https:\/\/www.sanseverinolucano.com\/index.php?rest_route=\/wp\/v2\/users\/1"}],"replies":[{"embeddable":true,"href":"https:\/\/www.sanseverinolucano.com\/index.php?rest_route=%2Fwp%2Fv2%2Fcomments&post=576"}],"version-history":[{"count":1,"href":"https:\/\/www.sanseverinolucano.com\/index.php?rest_route=\/wp\/v2\/posts\/576\/revisions"}],"predecessor-version":[{"id":577,"href":"https:\/\/www.sanseverinolucano.com\/index.php?rest_route=\/wp\/v2\/posts\/576\/revisions\/577"}],"wp:attachment":[{"href":"https:\/\/www.sanseverinolucano.com\/index.php?rest_route=%2Fwp%2Fv2%2Fmedia&parent=576"}],"wp:term":[{"taxonomy":"category","embeddable":true,"href":"https:\/\/www.sanseverinolucano.com\/index.php?rest_route=%2Fwp%2Fv2%2Fcategories&post=576"},{"taxonomy":"post_tag","embeddable":true,"href":"https:\/\/www.sanseverinolucano.com\/index.php?rest_route=%2Fwp%2Fv2%2Ftags&post=576"}],"curies":[{"name":"wp","href":"https:\/\/api.w.org\/{rel}","templated":true}]}}