{"id":580,"date":"2008-11-18T08:28:43","date_gmt":"2008-11-18T07:28:43","guid":{"rendered":"http:\/\/www.sanseverinolucano.com\/?p=580"},"modified":"2014-06-18T08:29:34","modified_gmt":"2014-06-18T06:29:34","slug":"6-scuole-siciliane-a-san-severino-lucano","status":"publish","type":"post","link":"https:\/\/www.sanseverinolucano.com\/?p=580","title":{"rendered":"6 scuole siciliane a San Severino Lucano"},"content":{"rendered":"<div class=\"giustificato\">Dalla Sicilia a San Severino Lucano e nel Parco Nazionale del Pollino per una cinque giorni di escursioni e scambi. Arriveranno domani (Luned\u00ec 17 novembre) sei scuole siciliane provenienti dalle quattro aree protette dell\u2019isola. Visite guidate, dibattiti, incontri e teatro sono i tasselli del mosaico che compongono il programma dell\u2019iniziativa. L\u2019arrivo \u00e8 previsto alle ore 18,00 dopo cena sar\u00e0 presentato il Parco del Pollino. Marted\u00ec visiteranno Rotonda e in particolare sono previste Escursione al Belvedere di Malevento ad ammirare i Pini Coricati e al Museo Naturalistico del Pollino, nel pomeriggio escursioni alle Gole di Jannace e alle 20,30 lo spettacolo \u201cil lupo Demostene\u201d Mercoled\u00ec \u00e8 previsto un Incontro con l\u2019Istituto Comprensivo di San Severino Lucano e alle 17,00 Tavola rotonda dal tema: \u201cle aree protette della Basilicata e della Sicilia per la tutela della biodiversit\u00e0\u201d (principi, metodologie e buone pratiche per la realizzazione di progetti didattici finalizzati a programmi di turismo sostenibile nelle aree protette, dopo cena attivit\u00e0 di orienteering nel centro storico di San Severino Lucano Gioved\u00ec gli ospiti si dirigeranno a Riserva Naturale Orientata del Torrente Peschiera ed escursione nella faggeta del Bosco Magnano Visita al recinto faunistico del Cervo Nel pomeriggio Partenza per San Paolo Albanese e visita al Museo della Cultura arb\u00ebresh\u00eb e dopo cena : Spettacolo \u201cIl testamento dell\u2019albero\u201d. Venerd\u00ec mattina gli ospiti lasceranno San Severino Lucano per far rientro in Sicilia. Antonietta Zaccara<\/div>\n<p>&nbsp;<\/p>\n","protected":false},"excerpt":{"rendered":"<p>Dalla Sicilia a San Severino Lucano e nel Parco Nazionale del Pollino per una cinque giorni di escursioni e scambi. Arriveranno domani (Luned\u00ec 17 novembre) sei scuole siciliane provenienti dalle quattro aree protette dell\u2019isola. Visite guidate, dibattiti, incontri e teatro&hellip; <\/p>\n","protected":false},"author":1,"featured_media":0,"comment_status":"open","ping_status":"open","sticky":false,"template":"","format":"standard","meta":{"footnotes":""},"categories":[1],"tags":[],"class_list":["post-580","post","type-post","status-publish","format-standard","hentry","category-gen"],"_links":{"self":[{"href":"https:\/\/www.sanseverinolucano.com\/index.php?rest_route=\/wp\/v2\/posts\/580","targetHints":{"allow":["GET"]}}],"collection":[{"href":"https:\/\/www.sanseverinolucano.com\/index.php?rest_route=\/wp\/v2\/posts"}],"about":[{"href":"https:\/\/www.sanseverinolucano.com\/index.php?rest_route=\/wp\/v2\/types\/post"}],"author":[{"embeddable":true,"href":"https:\/\/www.sanseverinolucano.com\/index.php?rest_route=\/wp\/v2\/users\/1"}],"replies":[{"embeddable":true,"href":"https:\/\/www.sanseverinolucano.com\/index.php?rest_route=%2Fwp%2Fv2%2Fcomments&post=580"}],"version-history":[{"count":1,"href":"https:\/\/www.sanseverinolucano.com\/index.php?rest_route=\/wp\/v2\/posts\/580\/revisions"}],"predecessor-version":[{"id":581,"href":"https:\/\/www.sanseverinolucano.com\/index.php?rest_route=\/wp\/v2\/posts\/580\/revisions\/581"}],"wp:attachment":[{"href":"https:\/\/www.sanseverinolucano.com\/index.php?rest_route=%2Fwp%2Fv2%2Fmedia&parent=580"}],"wp:term":[{"taxonomy":"category","embeddable":true,"href":"https:\/\/www.sanseverinolucano.com\/index.php?rest_route=%2Fwp%2Fv2%2Fcategories&post=580"},{"taxonomy":"post_tag","embeddable":true,"href":"https:\/\/www.sanseverinolucano.com\/index.php?rest_route=%2Fwp%2Fv2%2Ftags&post=580"}],"curies":[{"name":"wp","href":"https:\/\/api.w.org\/{rel}","templated":true}]}}