{"id":713,"date":"2010-01-19T15:45:47","date_gmt":"2010-01-19T14:45:47","guid":{"rendered":"http:\/\/www.sanseverinolucano.com\/?p=713"},"modified":"2014-06-19T15:46:12","modified_gmt":"2014-06-19T13:46:12","slug":"primo-bilancio-e-novita-nel-servizio-di-raccolta-differenziata-a-san-severino-lucano","status":"publish","type":"post","link":"https:\/\/www.sanseverinolucano.com\/?p=713","title":{"rendered":"Primo bilancio e novit\u00e0 nel servizio di \u201craccolta differenziata\u201d a San Severino Lucano"},"content":{"rendered":"<div class=\"sopra\">\n<div class=\"titolo\"><\/div>\n<div class=\"piccolo\"><\/div>\n<\/div>\n<div class=\"giustificato\">\n<div style=\"text-align: justify;\">Si rinnova il servizio di raccolta differenziata porta a porta nel comune di San Severino Lucano, dal primo di febbraio l\u2019attivit\u00e0 sar\u00e0 ottimizzata per renderla ancora pi\u00f9 efficiente ed efficace. Uomini e mezzi effettueranno la raccolta secondo un nuovo calendario. Le indicazioni sulle novit\u00e0 che saranno introdotte, una riflessione sulla importanza del differenziare per riciclare e recuperare materiale e quindi risparmiare materie prime e migliorare la qualit\u00e0 dell\u2019ambiente, e un primo bilancio sui risultati dei 14 mesi di raccolta porta a porta sono stati fatti l\u2019altra sera nel corso di un convegno a cui hanno partecipato , il sindaco Saverio De Stefano, l\u2019assessore Nicola Gallicchio, Enrica Maria Laveglia, responsabile dello studio di consulenza ambientale Eco BLM, il vicepresidente del parco del Pollino Franco Fiore, il sindaco del consiglio comunale dei ragazzi Cristiana Mastropierro, il consigliere della provincia di Potenza Luigi Viola, il presidente del WWF Basilicata Vito Mazzilli, il rappresentante territoriale del WWF Bruno Niola e l\u2019assessore provinciale all\u2019ambiente Massimo Macchia. Soddisfatta l\u2019amministrazione comunale dei primi risultati anche se bisogna ancora migliorare. In 14 mesi il conferimento in discarica di rifiuti \u00e8 diminuito in media del 30 per cento con picchi anche del 40 per cento. Se si pensa che la raccolta differenziata a livello provinciale non supera il 7 per cento, la soddisfazione tanto da parte di chi amministra che da parte della popolazione che ha risposto all\u2019invito di chi governa \u00e8 maggiore, tuttavia non bisogna accontentarsi, di qui la necessit\u00e0 di un nuovo progetto redatto dal comune e finanziato dalla provincia; si chiama \u201cDifferenziamoci\u201d e prevede attivit\u00e0 di comunicazione, animazione e mediazione territoriale. La prima parte di questo progetto si \u00e8 conclusa con il convegno durante la quale \u00e8 stato distribuito un opuscolo informativo un utile supporto per aiutare il cittadino a meglio differenziare quanto di rifiuto produce in casa. Il servizio porta a porta dal primo di febbraio avr\u00e0 questo calendario: per l\u2019umido gli operatori passeranno tre volte a settimana, carta e cartone per le famiglie la raccolta avverr\u00e0 l\u2019ultimo sabato del mese mentre per le attivit\u00e0 commerciali tutti i sabato, il vetro sar\u00e0 raccolto il secondo e quarto gioved\u00ec del mese mentre plastica e metalli primo e terzo marted\u00ec. Un\u2019isola ecologica e diversi punti raccolta accoglieranno la rimanente parte di rifiuti. Ridurre, recuperare e riciclare le tre parole su cui si \u00e8 insistito per migliorare la qualit\u00e0 della vita e dell\u2019ambiente in cui si vive e ridurre i costi del servizio, e che animano la filosofia dell\u2019amministrazione comunale.<\/div>\n<\/div>\n<p>&nbsp;<\/p>\n","protected":false},"excerpt":{"rendered":"<p>Si rinnova il servizio di raccolta differenziata porta a porta nel comune di San Severino Lucano, dal primo di febbraio l\u2019attivit\u00e0 sar\u00e0 ottimizzata per renderla ancora pi\u00f9 efficiente ed efficace. Uomini e mezzi effettueranno la raccolta secondo un nuovo calendario.&hellip; <\/p>\n","protected":false},"author":1,"featured_media":0,"comment_status":"open","ping_status":"open","sticky":false,"template":"","format":"standard","meta":{"footnotes":""},"categories":[1],"tags":[],"class_list":["post-713","post","type-post","status-publish","format-standard","hentry","category-gen"],"_links":{"self":[{"href":"https:\/\/www.sanseverinolucano.com\/index.php?rest_route=\/wp\/v2\/posts\/713","targetHints":{"allow":["GET"]}}],"collection":[{"href":"https:\/\/www.sanseverinolucano.com\/index.php?rest_route=\/wp\/v2\/posts"}],"about":[{"href":"https:\/\/www.sanseverinolucano.com\/index.php?rest_route=\/wp\/v2\/types\/post"}],"author":[{"embeddable":true,"href":"https:\/\/www.sanseverinolucano.com\/index.php?rest_route=\/wp\/v2\/users\/1"}],"replies":[{"embeddable":true,"href":"https:\/\/www.sanseverinolucano.com\/index.php?rest_route=%2Fwp%2Fv2%2Fcomments&post=713"}],"version-history":[{"count":1,"href":"https:\/\/www.sanseverinolucano.com\/index.php?rest_route=\/wp\/v2\/posts\/713\/revisions"}],"predecessor-version":[{"id":714,"href":"https:\/\/www.sanseverinolucano.com\/index.php?rest_route=\/wp\/v2\/posts\/713\/revisions\/714"}],"wp:attachment":[{"href":"https:\/\/www.sanseverinolucano.com\/index.php?rest_route=%2Fwp%2Fv2%2Fmedia&parent=713"}],"wp:term":[{"taxonomy":"category","embeddable":true,"href":"https:\/\/www.sanseverinolucano.com\/index.php?rest_route=%2Fwp%2Fv2%2Fcategories&post=713"},{"taxonomy":"post_tag","embeddable":true,"href":"https:\/\/www.sanseverinolucano.com\/index.php?rest_route=%2Fwp%2Fv2%2Ftags&post=713"}],"curies":[{"name":"wp","href":"https:\/\/api.w.org\/{rel}","templated":true}]}}