{"id":725,"date":"2010-05-08T15:50:27","date_gmt":"2010-05-08T13:50:27","guid":{"rendered":"http:\/\/www.sanseverinolucano.com\/?p=725"},"modified":"2014-06-19T15:51:07","modified_gmt":"2014-06-19T13:51:07","slug":"la-madonna-del-pollino-dopo-22-anni-a-terranova","status":"publish","type":"post","link":"https:\/\/www.sanseverinolucano.com\/?p=725","title":{"rendered":"La Madonna del Pollino dopo 22 anni a Terranova"},"content":{"rendered":"<p><span style=\"color: #000000;\"><img decoding=\"async\" src=\"http:\/\/www.sanseverinolucano.com\/public\/newsMadonnaDelPollino_fdf.jpg\" alt=\"\" width=\"400\" \/><br \/>\nDopo 22 anni la Vergine del Pollino ritorna in \u201cperegrinatio\u201d a Terranova di Pollino. La venerata statua lascer\u00e0 San Severino Lucano, domenica 9 maggio prossimo, e sar\u00e0 esposta alla venerazione dei fedeli di Terranova fino al prossimo 16 maggio, quando far\u00e0 ritorno al suo paese. La comunit\u00e0 di Terranova, ha spiegato il parroco di San Severino L. don Nicola Modarelli, \u00e8 molto devota della Madonna di Pollino, sono sempre molto numerosi coloro che partecipano alle celebrazioni festive dedicate alla Vergine, ossia la salita e discesa dal Santuario e la Festa sul monte Pollino dove la statua rimane dalla prima settimana di giugno alla seconda di settembre. Quest\u2019anno hanno chiesto di poterla ospitare e il loro desiderio \u00e8 stato esaudito, per una settimana la Madonna di Pollino sar\u00e0 in \u201cvisita\u201d a Terranova. Alle 11:30 \u00e8 prevista la celebrazione della Santa Messa nella parrocchia di San Severino lucano, subito dopo un corteo accompagner\u00e0 la Santa Patrona per tutto Corso Garibaldi, da dove partir\u00e0 per Terranova, \u00e8 prevista una sosta ad Acqua Tremola e una a Casa del Conte da dove inizier\u00e0 un corteo a piedi e i devoti della Madre Celeste a spalla la porteranno a San\u2019Antonio dove alle 18,00 sar\u00e0 celebrata la prima Messa in compagnia della Vergine del Pollino. Celebrazioni sono previste tutte le sere, mercoled\u00ec 12 tra l\u2019altro presieder\u00e0 il vescovo di Tursi Lagonegro Mons. Francesco Nol\u00e8. Domenica 16, alle 15,00 il popolo terranovese saluter\u00e0 la Vergine con una celebrazione eucaristica e poi l\u2019accompagner\u00e0 a San Severino Lucano dove alle 18,00 \u00e8 prevista la Messa.<\/span><\/p>\n","protected":false},"excerpt":{"rendered":"<p>Dopo 22 anni la Vergine del Pollino ritorna in \u201cperegrinatio\u201d a Terranova di Pollino. La venerata statua lascer\u00e0 San Severino Lucano, domenica 9 maggio prossimo, e sar\u00e0 esposta alla venerazione dei fedeli di Terranova fino al prossimo 16 maggio, quando&hellip; <\/p>\n","protected":false},"author":1,"featured_media":0,"comment_status":"open","ping_status":"open","sticky":false,"template":"","format":"standard","meta":{"footnotes":""},"categories":[1],"tags":[],"class_list":["post-725","post","type-post","status-publish","format-standard","hentry","category-gen"],"_links":{"self":[{"href":"https:\/\/www.sanseverinolucano.com\/index.php?rest_route=\/wp\/v2\/posts\/725","targetHints":{"allow":["GET"]}}],"collection":[{"href":"https:\/\/www.sanseverinolucano.com\/index.php?rest_route=\/wp\/v2\/posts"}],"about":[{"href":"https:\/\/www.sanseverinolucano.com\/index.php?rest_route=\/wp\/v2\/types\/post"}],"author":[{"embeddable":true,"href":"https:\/\/www.sanseverinolucano.com\/index.php?rest_route=\/wp\/v2\/users\/1"}],"replies":[{"embeddable":true,"href":"https:\/\/www.sanseverinolucano.com\/index.php?rest_route=%2Fwp%2Fv2%2Fcomments&post=725"}],"version-history":[{"count":1,"href":"https:\/\/www.sanseverinolucano.com\/index.php?rest_route=\/wp\/v2\/posts\/725\/revisions"}],"predecessor-version":[{"id":726,"href":"https:\/\/www.sanseverinolucano.com\/index.php?rest_route=\/wp\/v2\/posts\/725\/revisions\/726"}],"wp:attachment":[{"href":"https:\/\/www.sanseverinolucano.com\/index.php?rest_route=%2Fwp%2Fv2%2Fmedia&parent=725"}],"wp:term":[{"taxonomy":"category","embeddable":true,"href":"https:\/\/www.sanseverinolucano.com\/index.php?rest_route=%2Fwp%2Fv2%2Fcategories&post=725"},{"taxonomy":"post_tag","embeddable":true,"href":"https:\/\/www.sanseverinolucano.com\/index.php?rest_route=%2Fwp%2Fv2%2Ftags&post=725"}],"curies":[{"name":"wp","href":"https:\/\/api.w.org\/{rel}","templated":true}]}}