{"id":782,"date":"2010-09-30T14:28:47","date_gmt":"2010-09-30T12:28:47","guid":{"rendered":"http:\/\/www.sanseverinolucano.com\/?p=782"},"modified":"2014-06-20T14:29:19","modified_gmt":"2014-06-20T12:29:19","slug":"con-chord-san-severino-lucano-a-bruxelles-per-l8-settimana-europea-delle-regioni-e-delle-citta","status":"publish","type":"post","link":"https:\/\/www.sanseverinolucano.com\/?p=782","title":{"rendered":"Con CHORD San Severino Lucano a Bruxelles per l\u20198\u00b0 Settimana Europea delle Regioni e delle Citt\u00e0"},"content":{"rendered":"<div class=\"sopra\">\n<div class=\"titolo\"><\/div>\n<div class=\"piccolo\"><\/div>\n<\/div>\n<div class=\"giustificato\">\n<div style=\"text-align: justify;\">La Basilicata attraverso il Comune di San Severino Lucano \u00e8 presente a Brux<span style=\"font-size: small;\"><span style=\"font-family: Arial;\">elles per l\u20198\u00b0 Settimana Europea delle Regioni e delle Citt\u00e0 Dal 4 al 7 ottobre 2010 la Direzione Generale delle politiche regionali della Commissione Europea (DG REGIO), insieme con il Comitato delle Regioni ospiter\u00e0 a Bruxelles l\u20198\u00b0 Settimana Europea delle regioni e delle citt\u00e0, il pi\u00f9 grande evento annuale sullo sviluppo urbano e regionale. I rappresentanti di 245 regioni e citt\u00e0 europee di 34 paesi prenderanno parte a quest\u2019evento, che includer\u00e0, fra le altre attivit\u00e0, una grande area espositiva in cui le autorit\u00e0 locali\/regionali e le imprese commerciali mostreranno dei progetti. Il Comune di San Severino Lucano col progetto CHORD, progetto di Cooperazione Internazionale, Programma MED,coordinato dall&#8217;Europrogettista Angela Zifarone, sar\u00e0 uno dei progetti presentati durante questa edizione degli Open Day. Un info-point del progetto sar\u00e0 collocato nell\u2019area della Cooperazione Interregionale del Comitato delle Regioni (5\u00b0 piano, rue Belliard 99-101 1040 Bruxelles) e ai visitatori sar\u00e0 distribuito materiale informativo, volantini, materiale illustrativo, materiale digitale sul progetto e sui partner. Quest\u2019evento, costituisce una piattaforma eccellente per promuovere CHORD e quindi, il Comune di San Severino Lucano e la Basilicata, quale esempio di best practice sulla cooperazione internazionale nel bacino del Mediterraneo. Una vetrina promozionale non indifferente, all\u2019interno di un evento che coinvolge regioni e citt\u00e0 di tutta Europa, imprese, banche, associazioni internazionali e organizzazioni accademiche, prevede un calendario di circa 100 seminari, workshop, dibattiti, mostre e opportunit\u00e0 di networking per circa 6.000 partecipanti tra cui 250-300 giornalisti. <\/span><\/span><\/div>\n<\/div>\n<p>&nbsp;<\/p>\n","protected":false},"excerpt":{"rendered":"<p>La Basilicata attraverso il Comune di San Severino Lucano \u00e8 presente a Bruxelles per l\u20198\u00b0 Settimana Europea delle Regioni e delle Citt\u00e0 Dal 4 al 7 ottobre 2010 la Direzione Generale delle politiche regionali della Commissione Europea (DG REGIO), insieme&hellip; <\/p>\n","protected":false},"author":1,"featured_media":0,"comment_status":"open","ping_status":"open","sticky":false,"template":"","format":"standard","meta":{"footnotes":""},"categories":[1],"tags":[],"class_list":["post-782","post","type-post","status-publish","format-standard","hentry","category-gen"],"_links":{"self":[{"href":"https:\/\/www.sanseverinolucano.com\/index.php?rest_route=\/wp\/v2\/posts\/782","targetHints":{"allow":["GET"]}}],"collection":[{"href":"https:\/\/www.sanseverinolucano.com\/index.php?rest_route=\/wp\/v2\/posts"}],"about":[{"href":"https:\/\/www.sanseverinolucano.com\/index.php?rest_route=\/wp\/v2\/types\/post"}],"author":[{"embeddable":true,"href":"https:\/\/www.sanseverinolucano.com\/index.php?rest_route=\/wp\/v2\/users\/1"}],"replies":[{"embeddable":true,"href":"https:\/\/www.sanseverinolucano.com\/index.php?rest_route=%2Fwp%2Fv2%2Fcomments&post=782"}],"version-history":[{"count":1,"href":"https:\/\/www.sanseverinolucano.com\/index.php?rest_route=\/wp\/v2\/posts\/782\/revisions"}],"predecessor-version":[{"id":783,"href":"https:\/\/www.sanseverinolucano.com\/index.php?rest_route=\/wp\/v2\/posts\/782\/revisions\/783"}],"wp:attachment":[{"href":"https:\/\/www.sanseverinolucano.com\/index.php?rest_route=%2Fwp%2Fv2%2Fmedia&parent=782"}],"wp:term":[{"taxonomy":"category","embeddable":true,"href":"https:\/\/www.sanseverinolucano.com\/index.php?rest_route=%2Fwp%2Fv2%2Fcategories&post=782"},{"taxonomy":"post_tag","embeddable":true,"href":"https:\/\/www.sanseverinolucano.com\/index.php?rest_route=%2Fwp%2Fv2%2Ftags&post=782"}],"curies":[{"name":"wp","href":"https:\/\/api.w.org\/{rel}","templated":true}]}}