{"id":792,"date":"2010-10-20T14:37:28","date_gmt":"2010-10-20T12:37:28","guid":{"rendered":"http:\/\/www.sanseverinolucano.com\/?p=792"},"modified":"2014-06-20T14:37:55","modified_gmt":"2014-06-20T12:37:55","slug":"dal-29-ottobre2010-a-san-severino-lucano-il-pollino-teatro-festival","status":"publish","type":"post","link":"https:\/\/www.sanseverinolucano.com\/?p=792","title":{"rendered":"dal 29 ottobre2010 A SAN SEVERINO LUCANO IL POLLINO TEATRO FESTIVAL"},"content":{"rendered":"<div class=\"giustificato\">\n<div style=\"text-align: justify;\">Nel lungo weekend di fine ottobre a San Severino Lucano, sar\u00e0 il teatro a farla da padrona, dal 29 ottobre al primo novembre \u00e8 prevista la prima edizione del Pollino Teatro Festival. Una quattro giorni di recital attivit\u00e0 ludico laboratoriali, video proiezioni e spettacoli itineranti sull\u2019educazione ambientale e il turismo sostenibile nel Parco Nazionale del Pollino. Promotore dell\u2019iniziativa l\u2019amministrazione comunale e organizzata dal Centro di Educazione Ambientale Pollino-Basilicata che da anni ricerca nuove modalit\u00e0 comunicative sia per la diffusione di una migliore cultura ambientale che per far conoscere le bellezze del Pollino. Una nuova proposta quella del Festival che arricchisce il parterre di offerte culturali e ricreative offerte dal comune. Tanti gli artisti coinvolti in una manifestazione che ha il carattere della kermesse, valida sia come contenitore di linguaggi nuovi e sia come efficace veicolo di produzioni e performances artistiche interessanti e di qualit\u00e0. il programma dell\u2019iniziativa :<\/div>\n<p><span style=\"color: #ffff00; font-weight: bold;\">venerd\u00ec 29 ottobre <\/span><br \/>\n<span style=\"font-weight: bold;\">PRESENTAZIONE DELLA RASSEGNA<\/span> ore 17.00 (Sala Centro Visite)<br \/>\n<span style=\"font-weight: bold;\">LA GIOSTRA E IL MULINO<\/span> di e con Bruno Niola, regia di Carmen Piga ore 21.00 (Centro Visite)<\/p>\n<p><span style=\"color: #ffff00; font-weight: bold;\">Sabato 30 ottobre <\/span><br \/>\nI<span style=\"font-weight: bold;\">L POPOLO DEL BOSCO <\/span>Regia di Giovanna Facciolo (I Teatrini \u2013 Napoli) ore 10.00 e ore 16.00 (Bosco Magnano)<br \/>\n<span style=\"font-weight: bold;\">L\u2019ALBERO<\/span> di e con Marco Randellini (Il Cerchio Tondo \u2013 Lecco) ore 18.30 p.zza G. Marconi<br \/>\n<span style=\"font-weight: bold;\">I RACCONTI DEL BOSCO<\/span> di e con Filippo Arcelloni (Ass. Piacenza Kultur Dom) ore 21.00 (Centro Visite)<\/p>\n<p><span style=\"color: #ffff00; font-weight: bold;\">Domenica 31 ottobre <\/span><br \/>\n<span style=\"font-weight: bold;\">QUANDO L\u2019UOMO DEPOSE LA ZAPPA<\/span> di e con Filippo Arcelloni, Ass. Piacenza Kultur Dom ore 10.00 (Bosco Magnano)<br \/>\n<span style=\"font-weight: bold;\">UN CARICO DI GIOCHI<\/span> a cura di Joan Rovira, Il Cerchio Tondo \u2013 Lecco ore 15.00 p.zza G. Marconi<br \/>\n<span style=\"font-weight: bold;\">GENIUS LOCI, IL DIO DEI LUOGHI PERDUTI<\/span> a cura di Francesco Bevilacqua ore 16.30 (Sala Centro Visite)<br \/>\n<span style=\"font-weight: bold;\">IL POLLINO: REGNO DI SALAMANDRE, STREGHE E RAGN<\/span>I a cura degli educatori del CEA Pollino ore 19.00 p.zza Gugliemo Marconi<br \/>\n<span style=\"font-weight: bold;\">E TUTTI GLI ALBERI BATTERAN LE MANI <\/span>di e con Carmen Piga ore 21.00 (Centro Visite)<\/p>\n<p><span style=\"font-weight: bold; color: #ffff00;\">Luned\u00ec 1 novembre<\/span><br \/>\n<span style=\"font-weight: bold;\">L\u2019ALBERO<\/span> di e con Marco Randellini, Il Cerchio Tondo \u2013 Lecco ore 11.00 Loc. Mezzana<br \/>\n<span style=\"font-weight: bold;\">UN CARICO DI GIOCHI<\/span> a cura di Joan Rovira, Il Cerchio Tondo \u2013 Lecco ore 16.00 Loc. Mezzana<br \/>\n<span style=\"font-weight: bold;\">L\u2019ANIMA DEL POLLINO<\/span> a cura di Giorgio Braschi ore 16.30 (Sala Centro Visite)<br \/>\n<span style=\"font-weight: bold;\">STORIE DEL BOSCO ANTICO<\/span> di e con Giuseppe Maradei, Ass. Teatro La Sirena \u2013 Castrovillari ore 21.00 Centro Visite<\/div>\n<p>&nbsp;<\/p>\n","protected":false},"excerpt":{"rendered":"<p>Nel lungo weekend di fine ottobre a San Severino Lucano, sar\u00e0 il teatro a farla da padrona, dal 29 ottobre al primo novembre \u00e8 prevista la prima edizione del Pollino Teatro Festival. Una quattro giorni di recital attivit\u00e0 ludico laboratoriali,&hellip; <\/p>\n","protected":false},"author":1,"featured_media":0,"comment_status":"open","ping_status":"open","sticky":false,"template":"","format":"standard","meta":{"footnotes":""},"categories":[1],"tags":[],"class_list":["post-792","post","type-post","status-publish","format-standard","hentry","category-gen"],"_links":{"self":[{"href":"https:\/\/www.sanseverinolucano.com\/index.php?rest_route=\/wp\/v2\/posts\/792","targetHints":{"allow":["GET"]}}],"collection":[{"href":"https:\/\/www.sanseverinolucano.com\/index.php?rest_route=\/wp\/v2\/posts"}],"about":[{"href":"https:\/\/www.sanseverinolucano.com\/index.php?rest_route=\/wp\/v2\/types\/post"}],"author":[{"embeddable":true,"href":"https:\/\/www.sanseverinolucano.com\/index.php?rest_route=\/wp\/v2\/users\/1"}],"replies":[{"embeddable":true,"href":"https:\/\/www.sanseverinolucano.com\/index.php?rest_route=%2Fwp%2Fv2%2Fcomments&post=792"}],"version-history":[{"count":1,"href":"https:\/\/www.sanseverinolucano.com\/index.php?rest_route=\/wp\/v2\/posts\/792\/revisions"}],"predecessor-version":[{"id":793,"href":"https:\/\/www.sanseverinolucano.com\/index.php?rest_route=\/wp\/v2\/posts\/792\/revisions\/793"}],"wp:attachment":[{"href":"https:\/\/www.sanseverinolucano.com\/index.php?rest_route=%2Fwp%2Fv2%2Fmedia&parent=792"}],"wp:term":[{"taxonomy":"category","embeddable":true,"href":"https:\/\/www.sanseverinolucano.com\/index.php?rest_route=%2Fwp%2Fv2%2Fcategories&post=792"},{"taxonomy":"post_tag","embeddable":true,"href":"https:\/\/www.sanseverinolucano.com\/index.php?rest_route=%2Fwp%2Fv2%2Ftags&post=792"}],"curies":[{"name":"wp","href":"https:\/\/api.w.org\/{rel}","templated":true}]}}