{"id":886,"date":"2012-12-20T15:16:25","date_gmt":"2012-12-20T14:16:25","guid":{"rendered":"http:\/\/www.sanseverinolucano.com\/?p=886"},"modified":"2014-06-20T15:16:51","modified_gmt":"2014-06-20T13:16:51","slug":"sara-presentata-venerdi-21-dicembre-2012-a-san-severino-lucano-lindagine-conoscitiva-sulla-qualita-ambientale-del-parco-del-pollino","status":"publish","type":"post","link":"https:\/\/www.sanseverinolucano.com\/?p=886","title":{"rendered":"SARA\u2019 PRESENTATA, venerd\u00ec 21 dicembre 2012 A SAN SEVERINO LUCANO L\u2019INDAGINE CONOSCITIVA SULLA QUALITA\u2019 AMBIENTALE DEL PARCO DEL POLLINO"},"content":{"rendered":"<div class=\"divider\"><\/div>\n<div class=\"sopra\">\n<div class=\"titolo\"><a href=\"http:\/\/www.sanseverinolucano.com\/dblog\/articolo.asp?articolo=295\">.<\/a><\/div>\n<\/div>\n<div class=\"giustificato\">\n<div style=\"text-align: justify;\">SARA\u2019 PRESENTATA, venerd\u00ec 21 dicembre 2012, A SAN SEVERINO LUCANO L\u2019INDAGINE CONOSCITIVA SULLA QUALITA\u2019 AMBIENTALE DEL PARCO DEL POLLINO.<\/p>\n<p>Una ricerca sul turismo nel Parco, nell&#8217;ambito del progetto \u201cLa qualit\u00e0 ambientale nel Parco del Pollino\u201d, sar\u00e0 presentata a San Severino Lucano, venerd\u00ec mattina 21 dicembre prossimo, alle ore 10,30. Un gruppo di professionisti incaricati dall\u2019ente Parco hanno condotto una indagine conoscitiva tra le strutture ricettive dei paesi del Parco e tra i turisti che soprattutto nei mesi estivi hanno visitato i comuni del Pollino. L\u2019obiettivo della ricerca \u00e8 stato quello di individuare le motivazioni e le aspettative dei turisti che visitano il Parco del Pollino, con particolare riferimento ad attivit\u00e0 praticate nel Parco, al giudizio su vari aspetti della ricettivit\u00e0, alla sostenibilit\u00e0 ambientale e ai prodotti tipici. La ricerca si \u00e8 basata sulla somministrazione di un questionario strutturato con domande prevalentemente a risposta multipla, ma anche a risposta aperta. I risultati della ricerca utili per far emergere dei nodi problematici dai quali ricavare proposte e progetti volti a migliorare la ricettivit\u00e0 generale del Parco saranno presentati al centro visita del Parco a San Severino Lucano. Venerd\u00ec 28 dicembre la stessa iniziativa si terr\u00e0 a Morano Calabro, nella sala convegni del Chiostro di San Bernardino, in Calabria.<\/p><\/div>\n<\/div>\n<p>&nbsp;<\/p>\n","protected":false},"excerpt":{"rendered":"<p>. SARA\u2019 PRESENTATA, venerd\u00ec 21 dicembre 2012, A SAN SEVERINO LUCANO L\u2019INDAGINE CONOSCITIVA SULLA QUALITA\u2019 AMBIENTALE DEL PARCO DEL POLLINO. Una ricerca sul turismo nel Parco, nell&#8217;ambito del progetto \u201cLa qualit\u00e0 ambientale nel Parco del Pollino\u201d, sar\u00e0 presentata a San&hellip; <\/p>\n","protected":false},"author":1,"featured_media":0,"comment_status":"open","ping_status":"open","sticky":false,"template":"","format":"standard","meta":{"footnotes":""},"categories":[1],"tags":[],"class_list":["post-886","post","type-post","status-publish","format-standard","hentry","category-gen"],"_links":{"self":[{"href":"https:\/\/www.sanseverinolucano.com\/index.php?rest_route=\/wp\/v2\/posts\/886","targetHints":{"allow":["GET"]}}],"collection":[{"href":"https:\/\/www.sanseverinolucano.com\/index.php?rest_route=\/wp\/v2\/posts"}],"about":[{"href":"https:\/\/www.sanseverinolucano.com\/index.php?rest_route=\/wp\/v2\/types\/post"}],"author":[{"embeddable":true,"href":"https:\/\/www.sanseverinolucano.com\/index.php?rest_route=\/wp\/v2\/users\/1"}],"replies":[{"embeddable":true,"href":"https:\/\/www.sanseverinolucano.com\/index.php?rest_route=%2Fwp%2Fv2%2Fcomments&post=886"}],"version-history":[{"count":1,"href":"https:\/\/www.sanseverinolucano.com\/index.php?rest_route=\/wp\/v2\/posts\/886\/revisions"}],"predecessor-version":[{"id":887,"href":"https:\/\/www.sanseverinolucano.com\/index.php?rest_route=\/wp\/v2\/posts\/886\/revisions\/887"}],"wp:attachment":[{"href":"https:\/\/www.sanseverinolucano.com\/index.php?rest_route=%2Fwp%2Fv2%2Fmedia&parent=886"}],"wp:term":[{"taxonomy":"category","embeddable":true,"href":"https:\/\/www.sanseverinolucano.com\/index.php?rest_route=%2Fwp%2Fv2%2Fcategories&post=886"},{"taxonomy":"post_tag","embeddable":true,"href":"https:\/\/www.sanseverinolucano.com\/index.php?rest_route=%2Fwp%2Fv2%2Ftags&post=886"}],"curies":[{"name":"wp","href":"https:\/\/api.w.org\/{rel}","templated":true}]}}