{"id":904,"date":"2013-03-29T15:26:37","date_gmt":"2013-03-29T14:26:37","guid":{"rendered":"http:\/\/www.sanseverinolucano.com\/?p=904"},"modified":"2014-06-20T15:27:03","modified_gmt":"2014-06-20T13:27:03","slug":"sabato-30-marzo-a-san-severino-carmine-conte-festeggera-100-anni","status":"publish","type":"post","link":"https:\/\/www.sanseverinolucano.com\/?p=904","title":{"rendered":"SABATO 30 MARZO A SAN SEVERINO CARMINE CONTE FESTEGGERA\u2019 100 ANNI"},"content":{"rendered":"<div class=\"sopra\"><\/div>\n<div class=\"giustificato\">\n<div style=\"text-align: justify;\">Spegner\u00e0 100 candeline Carmine Conte di San Severino Lucano, sabato 30 marzo, festeggeranno con lui il raggiungimento del bel traguardo i familiari, l\u2019amministrazione comunale amici e parenti. Il nonno del paese \u00e8 nato il 30 marzo del 1913, dal 24 novembre del 1945 condivide la sua vita con Maria Antonia De Luca, insieme hanno formato una famiglia di 5 figli, Filomena, Rosetta (morta tragicamente), Angela, Serafino e Pasquale, che insieme ai 7 nipoti e 2 pronipoti festeggeranno il secolo di pap\u00e0 e nonno Carmine. La famiglia e il lavoro sono stati i suoi cavalli di battaglia, nonno Carmine ha trascorso la sua vita prima a fare il boscaiolo in Francia, in Piemonte, poi l\u2019operaio edile e poi forestale a San Severino Lucano. \u201cnon ricordo mai giorni infelici, dice la moglie, insieme abbiamo condiviso gioie e dolori compresa la perdita di una figlia a soli 19 anni, di due generi e di un nipotino di 4 anni. Si \u00e8 sempre comportato bene, \u00e8 un tesoro di marito e un padre ideale\u201d. Qual\u2019\u00e8 il segreto per raggiungere i 100 anni? \u201cuna vita normale, lavoro, cibi sani e sempre unito alla famiglia. Mi \u00e8 sempre piaciuta la compagnia, mai liti con nessuno e se ravvisavo qualche problema ho sempre cercato di portare pace\u201d ha detto nonno Carmine che ai giovani di oggi consiglia \u201clavorare, riguardarsi la salute e soprattutto mantenere unita la famiglia\u201d. A nonno Carmine,dunque, si stringer\u00e0 con affetto tutta San Severino Lucano, e il sindaco Saverio De Stefano che a nome di tutti i suoi concittadini far\u00e0 gli auguri al nonno che dice, \u00e8 un esempio di vita,di saggezza e valori sani.<\/div>\n<\/div>\n<p>&nbsp;<\/p>\n","protected":false},"excerpt":{"rendered":"<p>Spegner\u00e0 100 candeline Carmine Conte di San Severino Lucano, sabato 30 marzo, festeggeranno con lui il raggiungimento del bel traguardo i familiari, l\u2019amministrazione comunale amici e parenti. Il nonno del paese \u00e8 nato il 30 marzo del 1913, dal 24&hellip; <\/p>\n","protected":false},"author":1,"featured_media":0,"comment_status":"open","ping_status":"open","sticky":false,"template":"","format":"standard","meta":{"footnotes":""},"categories":[1],"tags":[],"class_list":["post-904","post","type-post","status-publish","format-standard","hentry","category-gen"],"_links":{"self":[{"href":"https:\/\/www.sanseverinolucano.com\/index.php?rest_route=\/wp\/v2\/posts\/904","targetHints":{"allow":["GET"]}}],"collection":[{"href":"https:\/\/www.sanseverinolucano.com\/index.php?rest_route=\/wp\/v2\/posts"}],"about":[{"href":"https:\/\/www.sanseverinolucano.com\/index.php?rest_route=\/wp\/v2\/types\/post"}],"author":[{"embeddable":true,"href":"https:\/\/www.sanseverinolucano.com\/index.php?rest_route=\/wp\/v2\/users\/1"}],"replies":[{"embeddable":true,"href":"https:\/\/www.sanseverinolucano.com\/index.php?rest_route=%2Fwp%2Fv2%2Fcomments&post=904"}],"version-history":[{"count":1,"href":"https:\/\/www.sanseverinolucano.com\/index.php?rest_route=\/wp\/v2\/posts\/904\/revisions"}],"predecessor-version":[{"id":905,"href":"https:\/\/www.sanseverinolucano.com\/index.php?rest_route=\/wp\/v2\/posts\/904\/revisions\/905"}],"wp:attachment":[{"href":"https:\/\/www.sanseverinolucano.com\/index.php?rest_route=%2Fwp%2Fv2%2Fmedia&parent=904"}],"wp:term":[{"taxonomy":"category","embeddable":true,"href":"https:\/\/www.sanseverinolucano.com\/index.php?rest_route=%2Fwp%2Fv2%2Fcategories&post=904"},{"taxonomy":"post_tag","embeddable":true,"href":"https:\/\/www.sanseverinolucano.com\/index.php?rest_route=%2Fwp%2Fv2%2Ftags&post=904"}],"curies":[{"name":"wp","href":"https:\/\/api.w.org\/{rel}","templated":true}]}}